{"id":10103,"date":"2026-02-06T16:30:14","date_gmt":"2026-02-06T14:30:14","guid":{"rendered":"https:\/\/fuenfhoefe.de\/?p=10103"},"modified":"2026-02-24T11:22:44","modified_gmt":"2026-02-24T09:22:44","slug":"tango-argentino-under-the-hanging-gardens","status":"publish","type":"post","link":"https:\/\/fuenfhoefe.de\/en\/tango-argentino-under-the-hanging-gardens\/","title":{"rendered":"Tango Argentino: The milonga dates for 2026"},"content":{"rendered":"\n<p><strong>The popular milonga is currently still on its winter break and is expected to start again on Tuesday, March 17, 2026<\/strong>.<\/p>\n\n\n\n<p>It is hard to imagine the F\u00dcNF H\u00d6FE without the Tango Argentino evenings with&nbsp;<a href=\"https:\/\/tango-lugo.de\/\"><strong><mark style=\"background-color:rgba(0, 0, 0, 0)\" class=\"has-inline-color has-vivid-cyan-blue-color\">Tango Lugo<\/mark><\/strong><\/a>. The regular milongas on our Plaza are definetely a place to be in the Munich tango scene. The music resounds wonderfully through the Salvatorpassage, our floor is perfect for dancing &#8211; and there is enough space for everyone. Many passers-by also enjoy simply watching and taking part in this very special atmosphere.&nbsp;<\/p>\n\n\n\n<p>Michaela and Fabian Lugo from the renowned Munich dance school Tango Lugo await you with Argentine tango music! Float across the dance floor for three hours, marvel at a show dance by Fabian and Michaela and experience a wonderfully upbeat evening<\/p>\n\n\n\n<p><strong>Dates:<\/strong><\/p>\n\n\n\n<ul class=\"wp-block-list\">\n<li>March, 17.03.26 at 7 p.m.<\/li>\n\n\n\n<li>April, 21.04.26 at 7 p.m.<\/li>\n\n\n\n<li>May, 05.05.26 at 7 p.m.<\/li>\n\n\n\n<li>May, 19.05.26 at 7 p.m.<\/li>\n\n\n\n<li>June, 16.06.26 at 7 p.m.<\/li>\n\n\n\n<li>July, 07.07.26 at 7 p.m.<\/li>\n\n\n\n<li>July, 21.07.26 at 7 p.m.<\/li>\n\n\n\n<li>August, 04.08.26 at 7 p.m.<\/li>\n\n\n\n<li>September, 01.09.26 at 7 p.m.<\/li>\n\n\n\n<li>September, 15.09.26 at 7 p.m.<\/li>\n\n\n\n<li>October, 06.10.26 at 7 p.m.<\/li>\n\n\n\n<li>October, 20.10.26 at 7 p.m.<\/li>\n\n\n\n<li>November, 17.11.26 at 7 p.m.<\/li>\n\n\n\n<li>December, 01.12.26 at 7 p.m.<\/li>\n\n\n\n<li>December, 15.12.26 at 7 p.m.<\/li>\n<\/ul>\n\n\n\n<p><strong>The facts<\/strong><\/p>\n\n\n\n<ul class=\"wp-block-list\">\n<li>on a donation basis<\/li>\n\n\n\n<li>without pre-registration. Just come &amp; dance<\/li>\n\n\n\n<li>open air and roofed at the same time<\/li>\n\n\n\n<li>in all weathers&nbsp;<\/li>\n\n\n\n<li>on your own responsibility<\/li>\n<\/ul>\n\n\n\n<p>We wish you enchanting tango evenings and are looking forward to seeing you at F\u00dcNF H\u00d6FE!<\/p>\n\n\n\n<p><\/p>\n","protected":false},"excerpt":{"rendered":"<p>The popular milonga is currently still on its winter break and is expected to start again on Tuesday, March 17, 2026. It is hard to imagine the F\u00dcNF H\u00d6FE without the Tango Argentino evenings with&nbsp;Tango Lugo. The regular milongas on our Plaza are definetely a place to be in the Munich tango scene. The music [&hellip;]<\/p>\n","protected":false},"author":13,"featured_media":13173,"comment_status":"open","ping_status":"open","sticky":false,"template":"","format":"standard","meta":{"_acf_changed":false,"footnotes":""},"categories":[1],"tags":[],"class_list":["post-10103","post","type-post","status-publish","format-standard","has-post-thumbnail","hentry","category-uncategorized"],"acf":[],"yoast_head":"<!-- This site is optimized with the Yoast SEO plugin v27.2 - https:\/\/yoast.com\/product\/yoast-seo-wordpress\/ -->\n<title>: F\u00dcNF H\u00d6FE Shopping<\/title>\n<meta name=\"description\" content=\"The regular milongas on the Plaza at F\u00dcNF H\u00d6FE are definetely a place to be in the Munich tango scene. Join us every second wednesday at 7pm.\" \/>\n<meta name=\"robots\" content=\"index, follow, max-snippet:-1, max-image-preview:large, max-video-preview:-1\" \/>\n<link rel=\"canonical\" href=\"https:\/\/fuenfhoefe.de\/en\/tango-argentino-under-the-hanging-gardens\/\" \/>\n<meta property=\"og:locale\" content=\"en_US\" \/>\n<meta property=\"og:type\" content=\"article\" \/>\n<meta property=\"og:title\" content=\": F\u00dcNF H\u00d6FE Shopping\" \/>\n<meta property=\"og:description\" content=\"The regular milongas on the Plaza at F\u00dcNF H\u00d6FE are definetely a place to be in the Munich tango scene. Join us every second wednesday at 7pm.\" \/>\n<meta property=\"og:url\" content=\"https:\/\/fuenfhoefe.de\/en\/tango-argentino-under-the-hanging-gardens\/\" \/>\n<meta property=\"og:site_name\" content=\"F\u00dcNF H\u00d6FE Shopping\" \/>\n<meta property=\"article:published_time\" content=\"2026-02-06T14:30:14+00:00\" \/>\n<meta property=\"article:modified_time\" content=\"2026-02-24T09:22:44+00:00\" \/>\n<meta property=\"og:image\" content=\"https:\/\/fuenfhoefe.de\/wp-content\/uploads\/IMG_0503.jpg\" \/>\n\t<meta property=\"og:image:width\" content=\"1907\" \/>\n\t<meta property=\"og:image:height\" content=\"1907\" \/>\n\t<meta property=\"og:image:type\" content=\"image\/jpeg\" \/>\n<meta name=\"author\" content=\"21munich\" \/>\n<meta name=\"twitter:card\" content=\"summary_large_image\" \/>\n<meta name=\"twitter:label1\" content=\"Written by\" \/>\n\t<meta name=\"twitter:data1\" content=\"21munich\" \/>\n\t<meta name=\"twitter:label2\" content=\"Est. reading time\" \/>\n\t<meta name=\"twitter:data2\" content=\"2 minutes\" \/>\n<script type=\"application\/ld+json\" class=\"yoast-schema-graph\">{\"@context\":\"https:\/\/schema.org\",\"@graph\":[{\"@type\":\"Article\",\"@id\":\"https:\/\/fuenfhoefe.de\/en\/tango-argentino-under-the-hanging-gardens\/#article\",\"isPartOf\":{\"@id\":\"https:\/\/fuenfhoefe.de\/en\/tango-argentino-under-the-hanging-gardens\/\"},\"author\":{\"name\":\"21munich\",\"@id\":\"https:\/\/fuenfhoefe.de\/en\/#\/schema\/person\/246da36c236aef33e5e09c3376c53a72\"},\"headline\":\"Tango Argentino: The milonga dates for 2026\",\"datePublished\":\"2026-02-06T14:30:14+00:00\",\"dateModified\":\"2026-02-24T09:22:44+00:00\",\"mainEntityOfPage\":{\"@id\":\"https:\/\/fuenfhoefe.de\/en\/tango-argentino-under-the-hanging-gardens\/\"},\"wordCount\":245,\"commentCount\":0,\"publisher\":{\"@id\":\"https:\/\/fuenfhoefe.de\/en\/#organization\"},\"image\":{\"@id\":\"https:\/\/fuenfhoefe.de\/en\/tango-argentino-under-the-hanging-gardens\/#primaryimage\"},\"thumbnailUrl\":\"https:\/\/fuenfhoefe.de\/wp-content\/uploads\/IMG_0503.jpg\",\"inLanguage\":\"en-US\",\"potentialAction\":[{\"@type\":\"CommentAction\",\"name\":\"Comment\",\"target\":[\"https:\/\/fuenfhoefe.de\/en\/tango-argentino-under-the-hanging-gardens\/#respond\"]}]},{\"@type\":\"WebPage\",\"@id\":\"https:\/\/fuenfhoefe.de\/en\/tango-argentino-under-the-hanging-gardens\/\",\"url\":\"https:\/\/fuenfhoefe.de\/en\/tango-argentino-under-the-hanging-gardens\/\",\"name\":\": F\u00dcNF H\u00d6FE Shopping\",\"isPartOf\":{\"@id\":\"https:\/\/fuenfhoefe.de\/en\/#website\"},\"primaryImageOfPage\":{\"@id\":\"https:\/\/fuenfhoefe.de\/en\/tango-argentino-under-the-hanging-gardens\/#primaryimage\"},\"image\":{\"@id\":\"https:\/\/fuenfhoefe.de\/en\/tango-argentino-under-the-hanging-gardens\/#primaryimage\"},\"thumbnailUrl\":\"https:\/\/fuenfhoefe.de\/wp-content\/uploads\/IMG_0503.jpg\",\"datePublished\":\"2026-02-06T14:30:14+00:00\",\"dateModified\":\"2026-02-24T09:22:44+00:00\",\"description\":\"The regular milongas on the Plaza at F\u00dcNF H\u00d6FE are definetely a place to be in the Munich tango scene. Join us every second wednesday at 7pm.\",\"breadcrumb\":{\"@id\":\"https:\/\/fuenfhoefe.de\/en\/tango-argentino-under-the-hanging-gardens\/#breadcrumb\"},\"inLanguage\":\"en-US\",\"potentialAction\":[{\"@type\":\"ReadAction\",\"target\":[\"https:\/\/fuenfhoefe.de\/en\/tango-argentino-under-the-hanging-gardens\/\"]}]},{\"@type\":\"ImageObject\",\"inLanguage\":\"en-US\",\"@id\":\"https:\/\/fuenfhoefe.de\/en\/tango-argentino-under-the-hanging-gardens\/#primaryimage\",\"url\":\"https:\/\/fuenfhoefe.de\/wp-content\/uploads\/IMG_0503.jpg\",\"contentUrl\":\"https:\/\/fuenfhoefe.de\/wp-content\/uploads\/IMG_0503.jpg\",\"width\":1907,\"height\":1907},{\"@type\":\"BreadcrumbList\",\"@id\":\"https:\/\/fuenfhoefe.de\/en\/tango-argentino-under-the-hanging-gardens\/#breadcrumb\",\"itemListElement\":[{\"@type\":\"ListItem\",\"position\":1,\"name\":\"Home\",\"item\":\"https:\/\/fuenfhoefe.de\/en\/\"},{\"@type\":\"ListItem\",\"position\":2,\"name\":\"Tango Argentino: The milonga dates for 2026\"}]},{\"@type\":\"WebSite\",\"@id\":\"https:\/\/fuenfhoefe.de\/en\/#website\",\"url\":\"https:\/\/fuenfhoefe.de\/en\/\",\"name\":\"F\u00dcNF H\u00d6FE Shopping\",\"description\":\"\",\"publisher\":{\"@id\":\"https:\/\/fuenfhoefe.de\/en\/#organization\"},\"potentialAction\":[{\"@type\":\"SearchAction\",\"target\":{\"@type\":\"EntryPoint\",\"urlTemplate\":\"https:\/\/fuenfhoefe.de\/en\/?s={search_term_string}\"},\"query-input\":{\"@type\":\"PropertyValueSpecification\",\"valueRequired\":true,\"valueName\":\"search_term_string\"}}],\"inLanguage\":\"en-US\"},{\"@type\":\"Organization\",\"@id\":\"https:\/\/fuenfhoefe.de\/en\/#organization\",\"name\":\"F\u00dcNF H\u00d6FE Shopping\",\"url\":\"https:\/\/fuenfhoefe.de\/en\/\",\"logo\":{\"@type\":\"ImageObject\",\"inLanguage\":\"en-US\",\"@id\":\"https:\/\/fuenfhoefe.de\/en\/#\/schema\/logo\/image\/\",\"url\":\"https:\/\/fuenfhoefe.de\/wp-content\/uploads\/cropped-logo-1.png\",\"contentUrl\":\"https:\/\/fuenfhoefe.de\/wp-content\/uploads\/cropped-logo-1.png\",\"width\":178,\"height\":46,\"caption\":\"F\u00dcNF H\u00d6FE Shopping\"},\"image\":{\"@id\":\"https:\/\/fuenfhoefe.de\/en\/#\/schema\/logo\/image\/\"}},{\"@type\":\"Person\",\"@id\":\"https:\/\/fuenfhoefe.de\/en\/#\/schema\/person\/246da36c236aef33e5e09c3376c53a72\",\"name\":\"21munich\",\"image\":{\"@type\":\"ImageObject\",\"inLanguage\":\"en-US\",\"@id\":\"https:\/\/secure.gravatar.com\/avatar\/aae4ec5052183c31b37c55804b4107d86cdd044cc840cbb513d633c0d6176f4f?s=96&d=mm&r=g\",\"url\":\"https:\/\/secure.gravatar.com\/avatar\/aae4ec5052183c31b37c55804b4107d86cdd044cc840cbb513d633c0d6176f4f?s=96&d=mm&r=g\",\"contentUrl\":\"https:\/\/secure.gravatar.com\/avatar\/aae4ec5052183c31b37c55804b4107d86cdd044cc840cbb513d633c0d6176f4f?s=96&d=mm&r=g\",\"caption\":\"21munich\"},\"url\":\"https:\/\/fuenfhoefe.de\/en\/author\/21munich\/\"}]}<\/script>\n<!-- \/ Yoast SEO plugin. -->","yoast_head_json":{"title":": F\u00dcNF H\u00d6FE Shopping","description":"The regular milongas on the Plaza at F\u00dcNF H\u00d6FE are definetely a place to be in the Munich tango scene. Join us every second wednesday at 7pm.","robots":{"index":"index","follow":"follow","max-snippet":"max-snippet:-1","max-image-preview":"max-image-preview:large","max-video-preview":"max-video-preview:-1"},"canonical":"https:\/\/fuenfhoefe.de\/en\/tango-argentino-under-the-hanging-gardens\/","og_locale":"en_US","og_type":"article","og_title":": F\u00dcNF H\u00d6FE Shopping","og_description":"The regular milongas on the Plaza at F\u00dcNF H\u00d6FE are definetely a place to be in the Munich tango scene. Join us every second wednesday at 7pm.","og_url":"https:\/\/fuenfhoefe.de\/en\/tango-argentino-under-the-hanging-gardens\/","og_site_name":"F\u00dcNF H\u00d6FE Shopping","article_published_time":"2026-02-06T14:30:14+00:00","article_modified_time":"2026-02-24T09:22:44+00:00","og_image":[{"width":1907,"height":1907,"url":"https:\/\/fuenfhoefe.de\/wp-content\/uploads\/IMG_0503.jpg","type":"image\/jpeg"}],"author":"21munich","twitter_card":"summary_large_image","twitter_misc":{"Written by":"21munich","Est. reading time":"2 minutes"},"schema":{"@context":"https:\/\/schema.org","@graph":[{"@type":"Article","@id":"https:\/\/fuenfhoefe.de\/en\/tango-argentino-under-the-hanging-gardens\/#article","isPartOf":{"@id":"https:\/\/fuenfhoefe.de\/en\/tango-argentino-under-the-hanging-gardens\/"},"author":{"name":"21munich","@id":"https:\/\/fuenfhoefe.de\/en\/#\/schema\/person\/246da36c236aef33e5e09c3376c53a72"},"headline":"Tango Argentino: The milonga dates for 2026","datePublished":"2026-02-06T14:30:14+00:00","dateModified":"2026-02-24T09:22:44+00:00","mainEntityOfPage":{"@id":"https:\/\/fuenfhoefe.de\/en\/tango-argentino-under-the-hanging-gardens\/"},"wordCount":245,"commentCount":0,"publisher":{"@id":"https:\/\/fuenfhoefe.de\/en\/#organization"},"image":{"@id":"https:\/\/fuenfhoefe.de\/en\/tango-argentino-under-the-hanging-gardens\/#primaryimage"},"thumbnailUrl":"https:\/\/fuenfhoefe.de\/wp-content\/uploads\/IMG_0503.jpg","inLanguage":"en-US","potentialAction":[{"@type":"CommentAction","name":"Comment","target":["https:\/\/fuenfhoefe.de\/en\/tango-argentino-under-the-hanging-gardens\/#respond"]}]},{"@type":"WebPage","@id":"https:\/\/fuenfhoefe.de\/en\/tango-argentino-under-the-hanging-gardens\/","url":"https:\/\/fuenfhoefe.de\/en\/tango-argentino-under-the-hanging-gardens\/","name":": F\u00dcNF H\u00d6FE Shopping","isPartOf":{"@id":"https:\/\/fuenfhoefe.de\/en\/#website"},"primaryImageOfPage":{"@id":"https:\/\/fuenfhoefe.de\/en\/tango-argentino-under-the-hanging-gardens\/#primaryimage"},"image":{"@id":"https:\/\/fuenfhoefe.de\/en\/tango-argentino-under-the-hanging-gardens\/#primaryimage"},"thumbnailUrl":"https:\/\/fuenfhoefe.de\/wp-content\/uploads\/IMG_0503.jpg","datePublished":"2026-02-06T14:30:14+00:00","dateModified":"2026-02-24T09:22:44+00:00","description":"The regular milongas on the Plaza at F\u00dcNF H\u00d6FE are definetely a place to be in the Munich tango scene. Join us every second wednesday at 7pm.","breadcrumb":{"@id":"https:\/\/fuenfhoefe.de\/en\/tango-argentino-under-the-hanging-gardens\/#breadcrumb"},"inLanguage":"en-US","potentialAction":[{"@type":"ReadAction","target":["https:\/\/fuenfhoefe.de\/en\/tango-argentino-under-the-hanging-gardens\/"]}]},{"@type":"ImageObject","inLanguage":"en-US","@id":"https:\/\/fuenfhoefe.de\/en\/tango-argentino-under-the-hanging-gardens\/#primaryimage","url":"https:\/\/fuenfhoefe.de\/wp-content\/uploads\/IMG_0503.jpg","contentUrl":"https:\/\/fuenfhoefe.de\/wp-content\/uploads\/IMG_0503.jpg","width":1907,"height":1907},{"@type":"BreadcrumbList","@id":"https:\/\/fuenfhoefe.de\/en\/tango-argentino-under-the-hanging-gardens\/#breadcrumb","itemListElement":[{"@type":"ListItem","position":1,"name":"Home","item":"https:\/\/fuenfhoefe.de\/en\/"},{"@type":"ListItem","position":2,"name":"Tango Argentino: The milonga dates for 2026"}]},{"@type":"WebSite","@id":"https:\/\/fuenfhoefe.de\/en\/#website","url":"https:\/\/fuenfhoefe.de\/en\/","name":"F\u00dcNF H\u00d6FE Shopping","description":"","publisher":{"@id":"https:\/\/fuenfhoefe.de\/en\/#organization"},"potentialAction":[{"@type":"SearchAction","target":{"@type":"EntryPoint","urlTemplate":"https:\/\/fuenfhoefe.de\/en\/?s={search_term_string}"},"query-input":{"@type":"PropertyValueSpecification","valueRequired":true,"valueName":"search_term_string"}}],"inLanguage":"en-US"},{"@type":"Organization","@id":"https:\/\/fuenfhoefe.de\/en\/#organization","name":"F\u00dcNF H\u00d6FE Shopping","url":"https:\/\/fuenfhoefe.de\/en\/","logo":{"@type":"ImageObject","inLanguage":"en-US","@id":"https:\/\/fuenfhoefe.de\/en\/#\/schema\/logo\/image\/","url":"https:\/\/fuenfhoefe.de\/wp-content\/uploads\/cropped-logo-1.png","contentUrl":"https:\/\/fuenfhoefe.de\/wp-content\/uploads\/cropped-logo-1.png","width":178,"height":46,"caption":"F\u00dcNF H\u00d6FE Shopping"},"image":{"@id":"https:\/\/fuenfhoefe.de\/en\/#\/schema\/logo\/image\/"}},{"@type":"Person","@id":"https:\/\/fuenfhoefe.de\/en\/#\/schema\/person\/246da36c236aef33e5e09c3376c53a72","name":"21munich","image":{"@type":"ImageObject","inLanguage":"en-US","@id":"https:\/\/secure.gravatar.com\/avatar\/aae4ec5052183c31b37c55804b4107d86cdd044cc840cbb513d633c0d6176f4f?s=96&d=mm&r=g","url":"https:\/\/secure.gravatar.com\/avatar\/aae4ec5052183c31b37c55804b4107d86cdd044cc840cbb513d633c0d6176f4f?s=96&d=mm&r=g","contentUrl":"https:\/\/secure.gravatar.com\/avatar\/aae4ec5052183c31b37c55804b4107d86cdd044cc840cbb513d633c0d6176f4f?s=96&d=mm&r=g","caption":"21munich"},"url":"https:\/\/fuenfhoefe.de\/en\/author\/21munich\/"}]}},"_links":{"self":[{"href":"https:\/\/fuenfhoefe.de\/en\/wp-json\/wp\/v2\/posts\/10103","targetHints":{"allow":["GET"]}}],"collection":[{"href":"https:\/\/fuenfhoefe.de\/en\/wp-json\/wp\/v2\/posts"}],"about":[{"href":"https:\/\/fuenfhoefe.de\/en\/wp-json\/wp\/v2\/types\/post"}],"author":[{"embeddable":true,"href":"https:\/\/fuenfhoefe.de\/en\/wp-json\/wp\/v2\/users\/13"}],"replies":[{"embeddable":true,"href":"https:\/\/fuenfhoefe.de\/en\/wp-json\/wp\/v2\/comments?post=10103"}],"version-history":[{"count":47,"href":"https:\/\/fuenfhoefe.de\/en\/wp-json\/wp\/v2\/posts\/10103\/revisions"}],"predecessor-version":[{"id":15418,"href":"https:\/\/fuenfhoefe.de\/en\/wp-json\/wp\/v2\/posts\/10103\/revisions\/15418"}],"wp:featuredmedia":[{"embeddable":true,"href":"https:\/\/fuenfhoefe.de\/en\/wp-json\/wp\/v2\/media\/13173"}],"wp:attachment":[{"href":"https:\/\/fuenfhoefe.de\/en\/wp-json\/wp\/v2\/media?parent=10103"}],"wp:term":[{"taxonomy":"category","embeddable":true,"href":"https:\/\/fuenfhoefe.de\/en\/wp-json\/wp\/v2\/categories?post=10103"},{"taxonomy":"post_tag","embeddable":true,"href":"https:\/\/fuenfhoefe.de\/en\/wp-json\/wp\/v2\/tags?post=10103"}],"curies":[{"name":"wp","href":"https:\/\/api.w.org\/{rel}","templated":true}]}}