{"id":14491,"date":"2025-05-06T10:34:06","date_gmt":"2025-05-06T08:34:06","guid":{"rendered":"https:\/\/fuenfhoefe.de\/?p=14491"},"modified":"2025-05-06T10:34:07","modified_gmt":"2025-05-06T08:34:07","slug":"karaoke-night-at-the-funf-hofe","status":"publish","type":"post","link":"https:\/\/fuenfhoefe.de\/en\/karaoke-night-at-the-funf-hofe\/","title":{"rendered":"Karaoke Night at the F\u00dcNF H\u00d6FE"},"content":{"rendered":"\n<p><strong>On Saturday, May 10, 2025, Theatiner8 at Kunsthalle M\u00fcnchen will be transformed into a stage for great emotions, quirky costumes and lots of applause from 20:00.<\/strong><\/p>\n\n\n\n<p>As part of the Munich\u2019s \u201cLange Nacht der Musik\u201d (Long Night of Music), Kunsthalle M\u00fcnchen and F\u00dcNF H\u00d6FE invite you to a special highlight: the \u201cKaraoke of Cultures\u201d &#8211; inspired by the current photo exhibition \u201cCivilization\u201d, which shows the diversity of humanity around the globe.<\/p>\n\n\n\n<p><strong>Karaoke party with variety &amp; style<\/strong><\/p>\n\n\n\n<p>Whether pop, rock, hits or oldies &#8211; hundreds of songs from all musical genres are available to choose from. In addition, a variety of props await all those who want to take their performance to the next level. The focus is on fun, performance and a cultural mix.<\/p>\n\n\n\n<p><strong>Winnings &amp; atmosphere included<\/strong><\/p>\n\n\n\n<p>In addition to fame and applause, there&#8217;s also something to win:<\/p>\n\n\n\n<p><strong>F\u00dcNF H\u00d6FE shopping vouchers &amp; tickets to the current exhibition \u201cCivilization\u201d at Kunsthalle M\u00fcnchen<\/strong><\/p>\n\n\n\n<p>The event lasts from <strong>20:00 to 01:00<\/strong> &#8211; tickets are available in advance from <a href=\"https:\/\/www.muenchenticket.de\/event\/die-lange-nacht-der-musik-2025-31948\/\">M\u00fcnchen Ticket<\/a> or at the box office in the Kunsthalle.<\/p>\n\n\n\n<p><strong>Event location:<\/strong><\/p>\n\n\n\n<p>Theatiner8 | Kunsthalle Munich<\/p>\n\n\n\n<p>F\u00dcNF H\u00d6FE, Theatinerstr. 8, 1st floor.<\/p>\n","protected":false},"excerpt":{"rendered":"<p>On Saturday, May 10, 2025, Theatiner8 at Kunsthalle M\u00fcnchen will be transformed into a stage for great emotions, quirky costumes and lots of applause from 20:00. As part of the Munich\u2019s \u201cLange Nacht der Musik\u201d (Long Night of Music), Kunsthalle M\u00fcnchen and F\u00dcNF H\u00d6FE invite you to a special highlight: the \u201cKaraoke of Cultures\u201d &#8211; [&hellip;]<\/p>\n","protected":false},"author":13,"featured_media":14486,"comment_status":"open","ping_status":"open","sticky":false,"template":"","format":"standard","meta":{"_acf_changed":false,"footnotes":""},"categories":[1],"tags":[],"class_list":["post-14491","post","type-post","status-publish","format-standard","has-post-thumbnail","hentry","category-uncategorized"],"acf":[],"yoast_head":"<!-- This site is optimized with the Yoast SEO plugin v27.2 - https:\/\/yoast.com\/product\/yoast-seo-wordpress\/ -->\n<title>: F\u00dcNF H\u00d6FE Shopping<\/title>\n<meta name=\"robots\" content=\"index, follow, max-snippet:-1, max-image-preview:large, max-video-preview:-1\" \/>\n<link rel=\"canonical\" href=\"https:\/\/fuenfhoefe.de\/en\/karaoke-night-at-the-funf-hofe\/\" \/>\n<meta property=\"og:locale\" content=\"en_US\" \/>\n<meta property=\"og:type\" content=\"article\" \/>\n<meta property=\"og:title\" content=\": F\u00dcNF H\u00d6FE Shopping\" \/>\n<meta property=\"og:description\" content=\"On Saturday, May 10, 2025, Theatiner8 at Kunsthalle M\u00fcnchen will be transformed into a stage for great emotions, quirky costumes and lots of applause from 20:00. As part of the Munich\u2019s \u201cLange Nacht der Musik\u201d (Long Night of Music), Kunsthalle M\u00fcnchen and F\u00dcNF H\u00d6FE invite you to a special highlight: the \u201cKaraoke of Cultures\u201d &#8211; [&hellip;]\" \/>\n<meta property=\"og:url\" content=\"https:\/\/fuenfhoefe.de\/en\/karaoke-night-at-the-funf-hofe\/\" \/>\n<meta property=\"og:site_name\" content=\"F\u00dcNF H\u00d6FE Shopping\" \/>\n<meta property=\"article:published_time\" content=\"2025-05-06T08:34:06+00:00\" \/>\n<meta property=\"article:modified_time\" content=\"2025-05-06T08:34:07+00:00\" \/>\n<meta property=\"og:image\" content=\"https:\/\/fuenfhoefe.de\/wp-content\/uploads\/FH_Moodbild_LNdM_bearbeitet_Farbe_klein-scaled.jpg\" \/>\n\t<meta property=\"og:image:width\" content=\"1903\" \/>\n\t<meta property=\"og:image:height\" content=\"2560\" \/>\n\t<meta property=\"og:image:type\" content=\"image\/jpeg\" \/>\n<meta name=\"author\" content=\"21munich\" \/>\n<meta name=\"twitter:card\" content=\"summary_large_image\" \/>\n<meta name=\"twitter:label1\" content=\"Written by\" \/>\n\t<meta name=\"twitter:data1\" content=\"21munich\" \/>\n\t<meta name=\"twitter:label2\" content=\"Est. reading time\" \/>\n\t<meta name=\"twitter:data2\" content=\"2 minutes\" \/>\n<script type=\"application\/ld+json\" class=\"yoast-schema-graph\">{\"@context\":\"https:\/\/schema.org\",\"@graph\":[{\"@type\":\"Article\",\"@id\":\"https:\/\/fuenfhoefe.de\/en\/karaoke-night-at-the-funf-hofe\/#article\",\"isPartOf\":{\"@id\":\"https:\/\/fuenfhoefe.de\/en\/karaoke-night-at-the-funf-hofe\/\"},\"author\":{\"name\":\"21munich\",\"@id\":\"https:\/\/fuenfhoefe.de\/en\/#\/schema\/person\/246da36c236aef33e5e09c3376c53a72\"},\"headline\":\"Karaoke Night at the F\u00dcNF H\u00d6FE\",\"datePublished\":\"2025-05-06T08:34:06+00:00\",\"dateModified\":\"2025-05-06T08:34:07+00:00\",\"mainEntityOfPage\":{\"@id\":\"https:\/\/fuenfhoefe.de\/en\/karaoke-night-at-the-funf-hofe\/\"},\"wordCount\":203,\"commentCount\":0,\"publisher\":{\"@id\":\"https:\/\/fuenfhoefe.de\/en\/#organization\"},\"image\":{\"@id\":\"https:\/\/fuenfhoefe.de\/en\/karaoke-night-at-the-funf-hofe\/#primaryimage\"},\"thumbnailUrl\":\"https:\/\/fuenfhoefe.de\/wp-content\/uploads\/FH_Moodbild_LNdM_bearbeitet_Farbe_klein-scaled.jpg\",\"inLanguage\":\"en-US\",\"potentialAction\":[{\"@type\":\"CommentAction\",\"name\":\"Comment\",\"target\":[\"https:\/\/fuenfhoefe.de\/en\/karaoke-night-at-the-funf-hofe\/#respond\"]}]},{\"@type\":\"WebPage\",\"@id\":\"https:\/\/fuenfhoefe.de\/en\/karaoke-night-at-the-funf-hofe\/\",\"url\":\"https:\/\/fuenfhoefe.de\/en\/karaoke-night-at-the-funf-hofe\/\",\"name\":\": F\u00dcNF H\u00d6FE Shopping\",\"isPartOf\":{\"@id\":\"https:\/\/fuenfhoefe.de\/en\/#website\"},\"primaryImageOfPage\":{\"@id\":\"https:\/\/fuenfhoefe.de\/en\/karaoke-night-at-the-funf-hofe\/#primaryimage\"},\"image\":{\"@id\":\"https:\/\/fuenfhoefe.de\/en\/karaoke-night-at-the-funf-hofe\/#primaryimage\"},\"thumbnailUrl\":\"https:\/\/fuenfhoefe.de\/wp-content\/uploads\/FH_Moodbild_LNdM_bearbeitet_Farbe_klein-scaled.jpg\",\"datePublished\":\"2025-05-06T08:34:06+00:00\",\"dateModified\":\"2025-05-06T08:34:07+00:00\",\"breadcrumb\":{\"@id\":\"https:\/\/fuenfhoefe.de\/en\/karaoke-night-at-the-funf-hofe\/#breadcrumb\"},\"inLanguage\":\"en-US\",\"potentialAction\":[{\"@type\":\"ReadAction\",\"target\":[\"https:\/\/fuenfhoefe.de\/en\/karaoke-night-at-the-funf-hofe\/\"]}]},{\"@type\":\"ImageObject\",\"inLanguage\":\"en-US\",\"@id\":\"https:\/\/fuenfhoefe.de\/en\/karaoke-night-at-the-funf-hofe\/#primaryimage\",\"url\":\"https:\/\/fuenfhoefe.de\/wp-content\/uploads\/FH_Moodbild_LNdM_bearbeitet_Farbe_klein-scaled.jpg\",\"contentUrl\":\"https:\/\/fuenfhoefe.de\/wp-content\/uploads\/FH_Moodbild_LNdM_bearbeitet_Farbe_klein-scaled.jpg\",\"width\":1903,\"height\":2560},{\"@type\":\"BreadcrumbList\",\"@id\":\"https:\/\/fuenfhoefe.de\/en\/karaoke-night-at-the-funf-hofe\/#breadcrumb\",\"itemListElement\":[{\"@type\":\"ListItem\",\"position\":1,\"name\":\"Home\",\"item\":\"https:\/\/fuenfhoefe.de\/en\/\"},{\"@type\":\"ListItem\",\"position\":2,\"name\":\"Karaoke Night at the F\u00dcNF H\u00d6FE\"}]},{\"@type\":\"WebSite\",\"@id\":\"https:\/\/fuenfhoefe.de\/en\/#website\",\"url\":\"https:\/\/fuenfhoefe.de\/en\/\",\"name\":\"F\u00dcNF H\u00d6FE Shopping\",\"description\":\"\",\"publisher\":{\"@id\":\"https:\/\/fuenfhoefe.de\/en\/#organization\"},\"potentialAction\":[{\"@type\":\"SearchAction\",\"target\":{\"@type\":\"EntryPoint\",\"urlTemplate\":\"https:\/\/fuenfhoefe.de\/en\/?s={search_term_string}\"},\"query-input\":{\"@type\":\"PropertyValueSpecification\",\"valueRequired\":true,\"valueName\":\"search_term_string\"}}],\"inLanguage\":\"en-US\"},{\"@type\":\"Organization\",\"@id\":\"https:\/\/fuenfhoefe.de\/en\/#organization\",\"name\":\"F\u00dcNF H\u00d6FE Shopping\",\"url\":\"https:\/\/fuenfhoefe.de\/en\/\",\"logo\":{\"@type\":\"ImageObject\",\"inLanguage\":\"en-US\",\"@id\":\"https:\/\/fuenfhoefe.de\/en\/#\/schema\/logo\/image\/\",\"url\":\"https:\/\/fuenfhoefe.de\/wp-content\/uploads\/cropped-logo-2.png\",\"contentUrl\":\"https:\/\/fuenfhoefe.de\/wp-content\/uploads\/cropped-logo-2.png\",\"width\":178,\"height\":46,\"caption\":\"F\u00dcNF H\u00d6FE Shopping\"},\"image\":{\"@id\":\"https:\/\/fuenfhoefe.de\/en\/#\/schema\/logo\/image\/\"}},{\"@type\":\"Person\",\"@id\":\"https:\/\/fuenfhoefe.de\/en\/#\/schema\/person\/246da36c236aef33e5e09c3376c53a72\",\"name\":\"21munich\",\"image\":{\"@type\":\"ImageObject\",\"inLanguage\":\"en-US\",\"@id\":\"https:\/\/secure.gravatar.com\/avatar\/aae4ec5052183c31b37c55804b4107d86cdd044cc840cbb513d633c0d6176f4f?s=96&d=mm&r=g\",\"url\":\"https:\/\/secure.gravatar.com\/avatar\/aae4ec5052183c31b37c55804b4107d86cdd044cc840cbb513d633c0d6176f4f?s=96&d=mm&r=g\",\"contentUrl\":\"https:\/\/secure.gravatar.com\/avatar\/aae4ec5052183c31b37c55804b4107d86cdd044cc840cbb513d633c0d6176f4f?s=96&d=mm&r=g\",\"caption\":\"21munich\"},\"url\":\"https:\/\/fuenfhoefe.de\/en\/author\/21munich\/\"}]}<\/script>\n<!-- \/ Yoast SEO plugin. -->","yoast_head_json":{"title":": F\u00dcNF H\u00d6FE Shopping","robots":{"index":"index","follow":"follow","max-snippet":"max-snippet:-1","max-image-preview":"max-image-preview:large","max-video-preview":"max-video-preview:-1"},"canonical":"https:\/\/fuenfhoefe.de\/en\/karaoke-night-at-the-funf-hofe\/","og_locale":"en_US","og_type":"article","og_title":": F\u00dcNF H\u00d6FE Shopping","og_description":"On Saturday, May 10, 2025, Theatiner8 at Kunsthalle M\u00fcnchen will be transformed into a stage for great emotions, quirky costumes and lots of applause from 20:00. As part of the Munich\u2019s \u201cLange Nacht der Musik\u201d (Long Night of Music), Kunsthalle M\u00fcnchen and F\u00dcNF H\u00d6FE invite you to a special highlight: the \u201cKaraoke of Cultures\u201d &#8211; [&hellip;]","og_url":"https:\/\/fuenfhoefe.de\/en\/karaoke-night-at-the-funf-hofe\/","og_site_name":"F\u00dcNF H\u00d6FE Shopping","article_published_time":"2025-05-06T08:34:06+00:00","article_modified_time":"2025-05-06T08:34:07+00:00","og_image":[{"width":1903,"height":2560,"url":"https:\/\/fuenfhoefe.de\/wp-content\/uploads\/FH_Moodbild_LNdM_bearbeitet_Farbe_klein-scaled.jpg","type":"image\/jpeg"}],"author":"21munich","twitter_card":"summary_large_image","twitter_misc":{"Written by":"21munich","Est. reading time":"2 minutes"},"schema":{"@context":"https:\/\/schema.org","@graph":[{"@type":"Article","@id":"https:\/\/fuenfhoefe.de\/en\/karaoke-night-at-the-funf-hofe\/#article","isPartOf":{"@id":"https:\/\/fuenfhoefe.de\/en\/karaoke-night-at-the-funf-hofe\/"},"author":{"name":"21munich","@id":"https:\/\/fuenfhoefe.de\/en\/#\/schema\/person\/246da36c236aef33e5e09c3376c53a72"},"headline":"Karaoke Night at the F\u00dcNF H\u00d6FE","datePublished":"2025-05-06T08:34:06+00:00","dateModified":"2025-05-06T08:34:07+00:00","mainEntityOfPage":{"@id":"https:\/\/fuenfhoefe.de\/en\/karaoke-night-at-the-funf-hofe\/"},"wordCount":203,"commentCount":0,"publisher":{"@id":"https:\/\/fuenfhoefe.de\/en\/#organization"},"image":{"@id":"https:\/\/fuenfhoefe.de\/en\/karaoke-night-at-the-funf-hofe\/#primaryimage"},"thumbnailUrl":"https:\/\/fuenfhoefe.de\/wp-content\/uploads\/FH_Moodbild_LNdM_bearbeitet_Farbe_klein-scaled.jpg","inLanguage":"en-US","potentialAction":[{"@type":"CommentAction","name":"Comment","target":["https:\/\/fuenfhoefe.de\/en\/karaoke-night-at-the-funf-hofe\/#respond"]}]},{"@type":"WebPage","@id":"https:\/\/fuenfhoefe.de\/en\/karaoke-night-at-the-funf-hofe\/","url":"https:\/\/fuenfhoefe.de\/en\/karaoke-night-at-the-funf-hofe\/","name":": F\u00dcNF H\u00d6FE Shopping","isPartOf":{"@id":"https:\/\/fuenfhoefe.de\/en\/#website"},"primaryImageOfPage":{"@id":"https:\/\/fuenfhoefe.de\/en\/karaoke-night-at-the-funf-hofe\/#primaryimage"},"image":{"@id":"https:\/\/fuenfhoefe.de\/en\/karaoke-night-at-the-funf-hofe\/#primaryimage"},"thumbnailUrl":"https:\/\/fuenfhoefe.de\/wp-content\/uploads\/FH_Moodbild_LNdM_bearbeitet_Farbe_klein-scaled.jpg","datePublished":"2025-05-06T08:34:06+00:00","dateModified":"2025-05-06T08:34:07+00:00","breadcrumb":{"@id":"https:\/\/fuenfhoefe.de\/en\/karaoke-night-at-the-funf-hofe\/#breadcrumb"},"inLanguage":"en-US","potentialAction":[{"@type":"ReadAction","target":["https:\/\/fuenfhoefe.de\/en\/karaoke-night-at-the-funf-hofe\/"]}]},{"@type":"ImageObject","inLanguage":"en-US","@id":"https:\/\/fuenfhoefe.de\/en\/karaoke-night-at-the-funf-hofe\/#primaryimage","url":"https:\/\/fuenfhoefe.de\/wp-content\/uploads\/FH_Moodbild_LNdM_bearbeitet_Farbe_klein-scaled.jpg","contentUrl":"https:\/\/fuenfhoefe.de\/wp-content\/uploads\/FH_Moodbild_LNdM_bearbeitet_Farbe_klein-scaled.jpg","width":1903,"height":2560},{"@type":"BreadcrumbList","@id":"https:\/\/fuenfhoefe.de\/en\/karaoke-night-at-the-funf-hofe\/#breadcrumb","itemListElement":[{"@type":"ListItem","position":1,"name":"Home","item":"https:\/\/fuenfhoefe.de\/en\/"},{"@type":"ListItem","position":2,"name":"Karaoke Night at the F\u00dcNF H\u00d6FE"}]},{"@type":"WebSite","@id":"https:\/\/fuenfhoefe.de\/en\/#website","url":"https:\/\/fuenfhoefe.de\/en\/","name":"F\u00dcNF H\u00d6FE Shopping","description":"","publisher":{"@id":"https:\/\/fuenfhoefe.de\/en\/#organization"},"potentialAction":[{"@type":"SearchAction","target":{"@type":"EntryPoint","urlTemplate":"https:\/\/fuenfhoefe.de\/en\/?s={search_term_string}"},"query-input":{"@type":"PropertyValueSpecification","valueRequired":true,"valueName":"search_term_string"}}],"inLanguage":"en-US"},{"@type":"Organization","@id":"https:\/\/fuenfhoefe.de\/en\/#organization","name":"F\u00dcNF H\u00d6FE Shopping","url":"https:\/\/fuenfhoefe.de\/en\/","logo":{"@type":"ImageObject","inLanguage":"en-US","@id":"https:\/\/fuenfhoefe.de\/en\/#\/schema\/logo\/image\/","url":"https:\/\/fuenfhoefe.de\/wp-content\/uploads\/cropped-logo-2.png","contentUrl":"https:\/\/fuenfhoefe.de\/wp-content\/uploads\/cropped-logo-2.png","width":178,"height":46,"caption":"F\u00dcNF H\u00d6FE Shopping"},"image":{"@id":"https:\/\/fuenfhoefe.de\/en\/#\/schema\/logo\/image\/"}},{"@type":"Person","@id":"https:\/\/fuenfhoefe.de\/en\/#\/schema\/person\/246da36c236aef33e5e09c3376c53a72","name":"21munich","image":{"@type":"ImageObject","inLanguage":"en-US","@id":"https:\/\/secure.gravatar.com\/avatar\/aae4ec5052183c31b37c55804b4107d86cdd044cc840cbb513d633c0d6176f4f?s=96&d=mm&r=g","url":"https:\/\/secure.gravatar.com\/avatar\/aae4ec5052183c31b37c55804b4107d86cdd044cc840cbb513d633c0d6176f4f?s=96&d=mm&r=g","contentUrl":"https:\/\/secure.gravatar.com\/avatar\/aae4ec5052183c31b37c55804b4107d86cdd044cc840cbb513d633c0d6176f4f?s=96&d=mm&r=g","caption":"21munich"},"url":"https:\/\/fuenfhoefe.de\/en\/author\/21munich\/"}]}},"_links":{"self":[{"href":"https:\/\/fuenfhoefe.de\/en\/wp-json\/wp\/v2\/posts\/14491","targetHints":{"allow":["GET"]}}],"collection":[{"href":"https:\/\/fuenfhoefe.de\/en\/wp-json\/wp\/v2\/posts"}],"about":[{"href":"https:\/\/fuenfhoefe.de\/en\/wp-json\/wp\/v2\/types\/post"}],"author":[{"embeddable":true,"href":"https:\/\/fuenfhoefe.de\/en\/wp-json\/wp\/v2\/users\/13"}],"replies":[{"embeddable":true,"href":"https:\/\/fuenfhoefe.de\/en\/wp-json\/wp\/v2\/comments?post=14491"}],"version-history":[{"count":1,"href":"https:\/\/fuenfhoefe.de\/en\/wp-json\/wp\/v2\/posts\/14491\/revisions"}],"predecessor-version":[{"id":14492,"href":"https:\/\/fuenfhoefe.de\/en\/wp-json\/wp\/v2\/posts\/14491\/revisions\/14492"}],"wp:featuredmedia":[{"embeddable":true,"href":"https:\/\/fuenfhoefe.de\/en\/wp-json\/wp\/v2\/media\/14486"}],"wp:attachment":[{"href":"https:\/\/fuenfhoefe.de\/en\/wp-json\/wp\/v2\/media?parent=14491"}],"wp:term":[{"taxonomy":"category","embeddable":true,"href":"https:\/\/fuenfhoefe.de\/en\/wp-json\/wp\/v2\/categories?post=14491"},{"taxonomy":"post_tag","embeddable":true,"href":"https:\/\/fuenfhoefe.de\/en\/wp-json\/wp\/v2\/tags?post=14491"}],"curies":[{"name":"wp","href":"https:\/\/api.w.org\/{rel}","templated":true}]}}