{"id":14506,"date":"2025-05-08T09:25:53","date_gmt":"2025-05-08T07:25:53","guid":{"rendered":"https:\/\/fuenfhoefe.de\/?p=14506"},"modified":"2025-05-08T09:27:59","modified_gmt":"2025-05-08T07:27:59","slug":"funf-hofe-x-mcbw-design-for-participation","status":"publish","type":"post","link":"https:\/\/fuenfhoefe.de\/en\/funf-hofe-x-mcbw-design-for-participation\/","title":{"rendered":"F\u00dcNF H\u00d6FE x MCBW: Design for participation"},"content":{"rendered":"\n<p><strong>Design you can touch, participate in and marvel at &#8211; F\u00dcNF H\u00d6FE will be the creative hub of Munich Creative Business Week (MCBW) from May 10 to 18, 2025. Together with the renowned designer Noa Haim, a unique, interactive work of art will be created that turns visitors into active co-creators.<\/strong><\/p>\n\n\n\n<p><strong>Germany&#8217;s largest design event comes to Munich city center<\/strong><\/p>\n\n\n\n<p><strong>Munich Creative Business Week<\/strong> (MCBW) has been <strong>bayern design&#8217;s<\/strong> most important event for over ten years and is the largest design event in Germany. Every year, it brings together thousands of creative people, companies, students and design enthusiasts &#8211; to bring design to life, provide social impetus and open up new perspectives.<\/p>\n\n\n\n<p>Under the annual motto <strong>\u201cDesign a Vibrant Community\u201d,<\/strong> MCBW 2025 is dedicated to togetherness, participation and the potential of design to promote community.<\/p>\n\n\n\n<p><strong>Interactive installation with Noa Haim &#8211; \u201cDesign a Vibrant Community\u201d to participate in<\/strong><\/p>\n\n\n\n<p>A highlight of the cooperation with F\u00dcNF H\u00d6FE is the installation by Dutch designer <strong>Noa Haim<\/strong> and her studio <strong>Collective Paper Aesthetics<\/strong>. Known for her interactive 3D paper pop-up sculptures, she invites the public to become part of a constantly growing work of art.<\/p>\n\n\n\n<p>Over the course of nine days, <strong>hundreds of folded cardboard modules<\/strong> will be transformed into a living, constantly changing design object &#8211; right in the heart of Munich&#8217;s city center. Join us and become part of our vision!<\/p>\n\n\n\n<p><strong>Period of time: May 10 &#8211; 18, 2025 from 10:00 &#8211; 19:00<\/strong><\/p>\n\n\n\n<p><strong>Not subject to registration, free of charge<\/strong><\/p>\n\n\n\n<p>Further information: <a href=\"https:\/\/www.mcbw.de\/en\/program\/detail\/event\/10-05\/mcbw-pop-up-x-collective-paper-aesthetics-x-kurz\">mcbw pop-up x Collective Paper Aesthetics x KURZ<\/a><\/p>\n\n\n\n<p class=\"has-small-font-size\">Photocredits: @Collective Paper Aesthetics\/Jason Isolini<\/p>\n","protected":false},"excerpt":{"rendered":"<p>Design you can touch, participate in and marvel at &#8211; F\u00dcNF H\u00d6FE will be the creative hub of Munich Creative Business Week (MCBW) from May 10 to 18, 2025. Together with the renowned designer Noa Haim, a unique, interactive work of art will be created that turns visitors into active co-creators. Germany&#8217;s largest design event [&hellip;]<\/p>\n","protected":false},"author":13,"featured_media":14498,"comment_status":"open","ping_status":"open","sticky":false,"template":"","format":"standard","meta":{"_acf_changed":false,"footnotes":""},"categories":[1],"tags":[],"class_list":["post-14506","post","type-post","status-publish","format-standard","has-post-thumbnail","hentry","category-uncategorized"],"acf":[],"yoast_head":"<!-- This site is optimized with the Yoast SEO plugin v27.2 - https:\/\/yoast.com\/product\/yoast-seo-wordpress\/ -->\n<title>: F\u00dcNF H\u00d6FE Shopping<\/title>\n<meta name=\"robots\" content=\"index, follow, max-snippet:-1, max-image-preview:large, max-video-preview:-1\" \/>\n<link rel=\"canonical\" href=\"https:\/\/fuenfhoefe.de\/en\/funf-hofe-x-mcbw-design-for-participation\/\" \/>\n<meta property=\"og:locale\" content=\"en_US\" \/>\n<meta property=\"og:type\" content=\"article\" \/>\n<meta property=\"og:title\" content=\": F\u00dcNF H\u00d6FE Shopping\" \/>\n<meta property=\"og:description\" content=\"Design you can touch, participate in and marvel at &#8211; F\u00dcNF H\u00d6FE will be the creative hub of Munich Creative Business Week (MCBW) from May 10 to 18, 2025. Together with the renowned designer Noa Haim, a unique, interactive work of art will be created that turns visitors into active co-creators. Germany&#8217;s largest design event [&hellip;]\" \/>\n<meta property=\"og:url\" content=\"https:\/\/fuenfhoefe.de\/en\/funf-hofe-x-mcbw-design-for-participation\/\" \/>\n<meta property=\"og:site_name\" content=\"F\u00dcNF H\u00d6FE Shopping\" \/>\n<meta property=\"article:published_time\" content=\"2025-05-08T07:25:53+00:00\" \/>\n<meta property=\"article:modified_time\" content=\"2025-05-08T07:27:59+00:00\" \/>\n<meta property=\"og:image\" content=\"https:\/\/fuenfhoefe.de\/wp-content\/uploads\/2024.10.15_Collective_Paper_Aesthetics-DDW2024-De_Kazerne_114_30x42cm_300dpi-scaled.jpg\" \/>\n\t<meta property=\"og:image:width\" content=\"2560\" \/>\n\t<meta property=\"og:image:height\" content=\"1706\" \/>\n\t<meta property=\"og:image:type\" content=\"image\/jpeg\" \/>\n<meta name=\"author\" content=\"21munich\" \/>\n<meta name=\"twitter:card\" content=\"summary_large_image\" \/>\n<meta name=\"twitter:label1\" content=\"Written by\" \/>\n\t<meta name=\"twitter:data1\" content=\"21munich\" \/>\n\t<meta name=\"twitter:label2\" content=\"Est. reading time\" \/>\n\t<meta name=\"twitter:data2\" content=\"2 minutes\" \/>\n<script type=\"application\/ld+json\" class=\"yoast-schema-graph\">{\"@context\":\"https:\/\/schema.org\",\"@graph\":[{\"@type\":\"Article\",\"@id\":\"https:\/\/fuenfhoefe.de\/en\/funf-hofe-x-mcbw-design-for-participation\/#article\",\"isPartOf\":{\"@id\":\"https:\/\/fuenfhoefe.de\/en\/funf-hofe-x-mcbw-design-for-participation\/\"},\"author\":{\"name\":\"21munich\",\"@id\":\"https:\/\/fuenfhoefe.de\/en\/#\/schema\/person\/246da36c236aef33e5e09c3376c53a72\"},\"headline\":\"F\u00dcNF H\u00d6FE x MCBW: Design for participation\",\"datePublished\":\"2025-05-08T07:25:53+00:00\",\"dateModified\":\"2025-05-08T07:27:59+00:00\",\"mainEntityOfPage\":{\"@id\":\"https:\/\/fuenfhoefe.de\/en\/funf-hofe-x-mcbw-design-for-participation\/\"},\"wordCount\":272,\"commentCount\":0,\"publisher\":{\"@id\":\"https:\/\/fuenfhoefe.de\/en\/#organization\"},\"image\":{\"@id\":\"https:\/\/fuenfhoefe.de\/en\/funf-hofe-x-mcbw-design-for-participation\/#primaryimage\"},\"thumbnailUrl\":\"https:\/\/fuenfhoefe.de\/wp-content\/uploads\/2024.10.15_Collective_Paper_Aesthetics-DDW2024-De_Kazerne_114_30x42cm_300dpi-scaled.jpg\",\"inLanguage\":\"en-US\",\"potentialAction\":[{\"@type\":\"CommentAction\",\"name\":\"Comment\",\"target\":[\"https:\/\/fuenfhoefe.de\/en\/funf-hofe-x-mcbw-design-for-participation\/#respond\"]}]},{\"@type\":\"WebPage\",\"@id\":\"https:\/\/fuenfhoefe.de\/en\/funf-hofe-x-mcbw-design-for-participation\/\",\"url\":\"https:\/\/fuenfhoefe.de\/en\/funf-hofe-x-mcbw-design-for-participation\/\",\"name\":\": F\u00dcNF H\u00d6FE Shopping\",\"isPartOf\":{\"@id\":\"https:\/\/fuenfhoefe.de\/en\/#website\"},\"primaryImageOfPage\":{\"@id\":\"https:\/\/fuenfhoefe.de\/en\/funf-hofe-x-mcbw-design-for-participation\/#primaryimage\"},\"image\":{\"@id\":\"https:\/\/fuenfhoefe.de\/en\/funf-hofe-x-mcbw-design-for-participation\/#primaryimage\"},\"thumbnailUrl\":\"https:\/\/fuenfhoefe.de\/wp-content\/uploads\/2024.10.15_Collective_Paper_Aesthetics-DDW2024-De_Kazerne_114_30x42cm_300dpi-scaled.jpg\",\"datePublished\":\"2025-05-08T07:25:53+00:00\",\"dateModified\":\"2025-05-08T07:27:59+00:00\",\"breadcrumb\":{\"@id\":\"https:\/\/fuenfhoefe.de\/en\/funf-hofe-x-mcbw-design-for-participation\/#breadcrumb\"},\"inLanguage\":\"en-US\",\"potentialAction\":[{\"@type\":\"ReadAction\",\"target\":[\"https:\/\/fuenfhoefe.de\/en\/funf-hofe-x-mcbw-design-for-participation\/\"]}]},{\"@type\":\"ImageObject\",\"inLanguage\":\"en-US\",\"@id\":\"https:\/\/fuenfhoefe.de\/en\/funf-hofe-x-mcbw-design-for-participation\/#primaryimage\",\"url\":\"https:\/\/fuenfhoefe.de\/wp-content\/uploads\/2024.10.15_Collective_Paper_Aesthetics-DDW2024-De_Kazerne_114_30x42cm_300dpi-scaled.jpg\",\"contentUrl\":\"https:\/\/fuenfhoefe.de\/wp-content\/uploads\/2024.10.15_Collective_Paper_Aesthetics-DDW2024-De_Kazerne_114_30x42cm_300dpi-scaled.jpg\",\"width\":2560,\"height\":1706},{\"@type\":\"BreadcrumbList\",\"@id\":\"https:\/\/fuenfhoefe.de\/en\/funf-hofe-x-mcbw-design-for-participation\/#breadcrumb\",\"itemListElement\":[{\"@type\":\"ListItem\",\"position\":1,\"name\":\"Home\",\"item\":\"https:\/\/fuenfhoefe.de\/en\/\"},{\"@type\":\"ListItem\",\"position\":2,\"name\":\"F\u00dcNF H\u00d6FE x MCBW: Design for participation\"}]},{\"@type\":\"WebSite\",\"@id\":\"https:\/\/fuenfhoefe.de\/en\/#website\",\"url\":\"https:\/\/fuenfhoefe.de\/en\/\",\"name\":\"F\u00dcNF H\u00d6FE Shopping\",\"description\":\"\",\"publisher\":{\"@id\":\"https:\/\/fuenfhoefe.de\/en\/#organization\"},\"potentialAction\":[{\"@type\":\"SearchAction\",\"target\":{\"@type\":\"EntryPoint\",\"urlTemplate\":\"https:\/\/fuenfhoefe.de\/en\/?s={search_term_string}\"},\"query-input\":{\"@type\":\"PropertyValueSpecification\",\"valueRequired\":true,\"valueName\":\"search_term_string\"}}],\"inLanguage\":\"en-US\"},{\"@type\":\"Organization\",\"@id\":\"https:\/\/fuenfhoefe.de\/en\/#organization\",\"name\":\"F\u00dcNF H\u00d6FE Shopping\",\"url\":\"https:\/\/fuenfhoefe.de\/en\/\",\"logo\":{\"@type\":\"ImageObject\",\"inLanguage\":\"en-US\",\"@id\":\"https:\/\/fuenfhoefe.de\/en\/#\/schema\/logo\/image\/\",\"url\":\"https:\/\/fuenfhoefe.de\/wp-content\/uploads\/cropped-logo-1.png\",\"contentUrl\":\"https:\/\/fuenfhoefe.de\/wp-content\/uploads\/cropped-logo-1.png\",\"width\":178,\"height\":46,\"caption\":\"F\u00dcNF H\u00d6FE Shopping\"},\"image\":{\"@id\":\"https:\/\/fuenfhoefe.de\/en\/#\/schema\/logo\/image\/\"}},{\"@type\":\"Person\",\"@id\":\"https:\/\/fuenfhoefe.de\/en\/#\/schema\/person\/246da36c236aef33e5e09c3376c53a72\",\"name\":\"21munich\",\"image\":{\"@type\":\"ImageObject\",\"inLanguage\":\"en-US\",\"@id\":\"https:\/\/secure.gravatar.com\/avatar\/aae4ec5052183c31b37c55804b4107d86cdd044cc840cbb513d633c0d6176f4f?s=96&d=mm&r=g\",\"url\":\"https:\/\/secure.gravatar.com\/avatar\/aae4ec5052183c31b37c55804b4107d86cdd044cc840cbb513d633c0d6176f4f?s=96&d=mm&r=g\",\"contentUrl\":\"https:\/\/secure.gravatar.com\/avatar\/aae4ec5052183c31b37c55804b4107d86cdd044cc840cbb513d633c0d6176f4f?s=96&d=mm&r=g\",\"caption\":\"21munich\"},\"url\":\"https:\/\/fuenfhoefe.de\/en\/author\/21munich\/\"}]}<\/script>\n<!-- \/ Yoast SEO plugin. -->","yoast_head_json":{"title":": F\u00dcNF H\u00d6FE Shopping","robots":{"index":"index","follow":"follow","max-snippet":"max-snippet:-1","max-image-preview":"max-image-preview:large","max-video-preview":"max-video-preview:-1"},"canonical":"https:\/\/fuenfhoefe.de\/en\/funf-hofe-x-mcbw-design-for-participation\/","og_locale":"en_US","og_type":"article","og_title":": F\u00dcNF H\u00d6FE Shopping","og_description":"Design you can touch, participate in and marvel at &#8211; F\u00dcNF H\u00d6FE will be the creative hub of Munich Creative Business Week (MCBW) from May 10 to 18, 2025. Together with the renowned designer Noa Haim, a unique, interactive work of art will be created that turns visitors into active co-creators. Germany&#8217;s largest design event [&hellip;]","og_url":"https:\/\/fuenfhoefe.de\/en\/funf-hofe-x-mcbw-design-for-participation\/","og_site_name":"F\u00dcNF H\u00d6FE Shopping","article_published_time":"2025-05-08T07:25:53+00:00","article_modified_time":"2025-05-08T07:27:59+00:00","og_image":[{"width":2560,"height":1706,"url":"https:\/\/fuenfhoefe.de\/wp-content\/uploads\/2024.10.15_Collective_Paper_Aesthetics-DDW2024-De_Kazerne_114_30x42cm_300dpi-scaled.jpg","type":"image\/jpeg"}],"author":"21munich","twitter_card":"summary_large_image","twitter_misc":{"Written by":"21munich","Est. reading time":"2 minutes"},"schema":{"@context":"https:\/\/schema.org","@graph":[{"@type":"Article","@id":"https:\/\/fuenfhoefe.de\/en\/funf-hofe-x-mcbw-design-for-participation\/#article","isPartOf":{"@id":"https:\/\/fuenfhoefe.de\/en\/funf-hofe-x-mcbw-design-for-participation\/"},"author":{"name":"21munich","@id":"https:\/\/fuenfhoefe.de\/en\/#\/schema\/person\/246da36c236aef33e5e09c3376c53a72"},"headline":"F\u00dcNF H\u00d6FE x MCBW: Design for participation","datePublished":"2025-05-08T07:25:53+00:00","dateModified":"2025-05-08T07:27:59+00:00","mainEntityOfPage":{"@id":"https:\/\/fuenfhoefe.de\/en\/funf-hofe-x-mcbw-design-for-participation\/"},"wordCount":272,"commentCount":0,"publisher":{"@id":"https:\/\/fuenfhoefe.de\/en\/#organization"},"image":{"@id":"https:\/\/fuenfhoefe.de\/en\/funf-hofe-x-mcbw-design-for-participation\/#primaryimage"},"thumbnailUrl":"https:\/\/fuenfhoefe.de\/wp-content\/uploads\/2024.10.15_Collective_Paper_Aesthetics-DDW2024-De_Kazerne_114_30x42cm_300dpi-scaled.jpg","inLanguage":"en-US","potentialAction":[{"@type":"CommentAction","name":"Comment","target":["https:\/\/fuenfhoefe.de\/en\/funf-hofe-x-mcbw-design-for-participation\/#respond"]}]},{"@type":"WebPage","@id":"https:\/\/fuenfhoefe.de\/en\/funf-hofe-x-mcbw-design-for-participation\/","url":"https:\/\/fuenfhoefe.de\/en\/funf-hofe-x-mcbw-design-for-participation\/","name":": F\u00dcNF H\u00d6FE Shopping","isPartOf":{"@id":"https:\/\/fuenfhoefe.de\/en\/#website"},"primaryImageOfPage":{"@id":"https:\/\/fuenfhoefe.de\/en\/funf-hofe-x-mcbw-design-for-participation\/#primaryimage"},"image":{"@id":"https:\/\/fuenfhoefe.de\/en\/funf-hofe-x-mcbw-design-for-participation\/#primaryimage"},"thumbnailUrl":"https:\/\/fuenfhoefe.de\/wp-content\/uploads\/2024.10.15_Collective_Paper_Aesthetics-DDW2024-De_Kazerne_114_30x42cm_300dpi-scaled.jpg","datePublished":"2025-05-08T07:25:53+00:00","dateModified":"2025-05-08T07:27:59+00:00","breadcrumb":{"@id":"https:\/\/fuenfhoefe.de\/en\/funf-hofe-x-mcbw-design-for-participation\/#breadcrumb"},"inLanguage":"en-US","potentialAction":[{"@type":"ReadAction","target":["https:\/\/fuenfhoefe.de\/en\/funf-hofe-x-mcbw-design-for-participation\/"]}]},{"@type":"ImageObject","inLanguage":"en-US","@id":"https:\/\/fuenfhoefe.de\/en\/funf-hofe-x-mcbw-design-for-participation\/#primaryimage","url":"https:\/\/fuenfhoefe.de\/wp-content\/uploads\/2024.10.15_Collective_Paper_Aesthetics-DDW2024-De_Kazerne_114_30x42cm_300dpi-scaled.jpg","contentUrl":"https:\/\/fuenfhoefe.de\/wp-content\/uploads\/2024.10.15_Collective_Paper_Aesthetics-DDW2024-De_Kazerne_114_30x42cm_300dpi-scaled.jpg","width":2560,"height":1706},{"@type":"BreadcrumbList","@id":"https:\/\/fuenfhoefe.de\/en\/funf-hofe-x-mcbw-design-for-participation\/#breadcrumb","itemListElement":[{"@type":"ListItem","position":1,"name":"Home","item":"https:\/\/fuenfhoefe.de\/en\/"},{"@type":"ListItem","position":2,"name":"F\u00dcNF H\u00d6FE x MCBW: Design for participation"}]},{"@type":"WebSite","@id":"https:\/\/fuenfhoefe.de\/en\/#website","url":"https:\/\/fuenfhoefe.de\/en\/","name":"F\u00dcNF H\u00d6FE Shopping","description":"","publisher":{"@id":"https:\/\/fuenfhoefe.de\/en\/#organization"},"potentialAction":[{"@type":"SearchAction","target":{"@type":"EntryPoint","urlTemplate":"https:\/\/fuenfhoefe.de\/en\/?s={search_term_string}"},"query-input":{"@type":"PropertyValueSpecification","valueRequired":true,"valueName":"search_term_string"}}],"inLanguage":"en-US"},{"@type":"Organization","@id":"https:\/\/fuenfhoefe.de\/en\/#organization","name":"F\u00dcNF H\u00d6FE Shopping","url":"https:\/\/fuenfhoefe.de\/en\/","logo":{"@type":"ImageObject","inLanguage":"en-US","@id":"https:\/\/fuenfhoefe.de\/en\/#\/schema\/logo\/image\/","url":"https:\/\/fuenfhoefe.de\/wp-content\/uploads\/cropped-logo-1.png","contentUrl":"https:\/\/fuenfhoefe.de\/wp-content\/uploads\/cropped-logo-1.png","width":178,"height":46,"caption":"F\u00dcNF H\u00d6FE Shopping"},"image":{"@id":"https:\/\/fuenfhoefe.de\/en\/#\/schema\/logo\/image\/"}},{"@type":"Person","@id":"https:\/\/fuenfhoefe.de\/en\/#\/schema\/person\/246da36c236aef33e5e09c3376c53a72","name":"21munich","image":{"@type":"ImageObject","inLanguage":"en-US","@id":"https:\/\/secure.gravatar.com\/avatar\/aae4ec5052183c31b37c55804b4107d86cdd044cc840cbb513d633c0d6176f4f?s=96&d=mm&r=g","url":"https:\/\/secure.gravatar.com\/avatar\/aae4ec5052183c31b37c55804b4107d86cdd044cc840cbb513d633c0d6176f4f?s=96&d=mm&r=g","contentUrl":"https:\/\/secure.gravatar.com\/avatar\/aae4ec5052183c31b37c55804b4107d86cdd044cc840cbb513d633c0d6176f4f?s=96&d=mm&r=g","caption":"21munich"},"url":"https:\/\/fuenfhoefe.de\/en\/author\/21munich\/"}]}},"_links":{"self":[{"href":"https:\/\/fuenfhoefe.de\/en\/wp-json\/wp\/v2\/posts\/14506","targetHints":{"allow":["GET"]}}],"collection":[{"href":"https:\/\/fuenfhoefe.de\/en\/wp-json\/wp\/v2\/posts"}],"about":[{"href":"https:\/\/fuenfhoefe.de\/en\/wp-json\/wp\/v2\/types\/post"}],"author":[{"embeddable":true,"href":"https:\/\/fuenfhoefe.de\/en\/wp-json\/wp\/v2\/users\/13"}],"replies":[{"embeddable":true,"href":"https:\/\/fuenfhoefe.de\/en\/wp-json\/wp\/v2\/comments?post=14506"}],"version-history":[{"count":3,"href":"https:\/\/fuenfhoefe.de\/en\/wp-json\/wp\/v2\/posts\/14506\/revisions"}],"predecessor-version":[{"id":14509,"href":"https:\/\/fuenfhoefe.de\/en\/wp-json\/wp\/v2\/posts\/14506\/revisions\/14509"}],"wp:featuredmedia":[{"embeddable":true,"href":"https:\/\/fuenfhoefe.de\/en\/wp-json\/wp\/v2\/media\/14498"}],"wp:attachment":[{"href":"https:\/\/fuenfhoefe.de\/en\/wp-json\/wp\/v2\/media?parent=14506"}],"wp:term":[{"taxonomy":"category","embeddable":true,"href":"https:\/\/fuenfhoefe.de\/en\/wp-json\/wp\/v2\/categories?post=14506"},{"taxonomy":"post_tag","embeddable":true,"href":"https:\/\/fuenfhoefe.de\/en\/wp-json\/wp\/v2\/tags?post=14506"}],"curies":[{"name":"wp","href":"https:\/\/api.w.org\/{rel}","templated":true}]}}