{"id":15076,"date":"2025-11-17T17:29:15","date_gmt":"2025-11-17T15:29:15","guid":{"rendered":"https:\/\/fuenfhoefe.de\/?p=15076"},"modified":"2025-11-27T12:08:48","modified_gmt":"2025-11-27T10:08:48","slug":"pre-christmas-highlights-at-funf-hofen","status":"publish","type":"post","link":"https:\/\/fuenfhoefe.de\/en\/pre-christmas-highlights-at-funf-hofen\/","title":{"rendered":"Pre-Christmas highlights at F\u00dcNF H\u00d6FEN"},"content":{"rendered":"\n<p>Once again this year, F\u00dcNF H\u00d6FEN has a varied and atmospheric program in store for you during the Advent season. From musical performances to impressive walking acts, every event promises to be a special experience.<\/p>\n\n\n\n<p><strong>Saturday, November 22, 2025 | 12 p.m. \u2013 5 p.m.: Walking acts &amp; stilt walking<\/strong><\/p>\n\n\n\n<p>The start of the pre-Christmas season will be magical: fantastic walking acts and artistic stilt walkers will parade through the CityQuartier, creating fairytale moments. Prepare to be surprised by spectacular costumes and delightful encounters.<\/p>\n\n\n\n<p><strong>Saturday, November 29, 2025 | 12 p.m. \u2013 5 p.m.: Violin &amp; Cello<\/strong><\/p>\n\n\n\n<p>On the first weekend of Advent, the warm harmony of violin and cello will once again fill the Salvatorpassage. Christmas melodies and contemplative pieces create an atmosphere for pausing, enjoying, and arriving in the Advent season.<\/p>\n\n\n\n<p><strong>Saturday, December 6, 2025 | 12:45 p.m. \u2013 4:40 p.m.: Junge Ch\u00f6re M\u00fcnchen<\/strong><\/p>\n\n\n\n<p>One of this year&#8217;s special highlights is the Junge Ch\u00f6re \u2013 Munich&#8217;s oldest and most traditional children&#8217;s and youth choir. The young singers will enchant listeners with their polyphonic repertoire and provide moving musical moments on St. Nicholas Day.<\/p>\n\n\n\n<p><strong>Wednesday, December 9 \u2013 Saturday, December 13, 2025: Open Piano<\/strong><\/p>\n\n\n\n<p>For four days, the plaza will be transformed into an open concert stage. A freely accessible concert grand piano invites visitors to spontaneously make music, listen, and empathize. Every year, this popular charity event in aid of Open Piano for Refugees provides touching, unexpected musical moments.<\/p>\n\n\n\n<p><strong>Saturday, December 20, 2025 | 11:45 p.m. \u2013 15:45 p.m.: Gospel&#8217;n&#8217;Soul<\/strong><\/p>\n\n\n\n<p>Shortly before Christmas, the quartet Gospel&#8217;n&#8217;Soul will fill the plaza with music. With powerful voices and an unmistakable mix of gospel and soul music, the musicians will set an impressive tone and spread pure holiday cheer.<\/p>\n\n\n\n<p>We wish you a wonderful, festive time at F\u00dcNF H\u00d6FEN!<\/p>\n\n\n\n<p><\/p>\n","protected":false},"excerpt":{"rendered":"<p>Once again this year, F\u00dcNF H\u00d6FEN has a varied and atmospheric program in store for you during the Advent season. From musical performances to impressive walking acts, every event promises to be a special experience. Saturday, November 22, 2025 | 12 p.m. \u2013 5 p.m.: Walking acts &amp; stilt walking The start of the pre-Christmas [&hellip;]<\/p>\n","protected":false},"author":17,"featured_media":15073,"comment_status":"open","ping_status":"open","sticky":false,"template":"","format":"standard","meta":{"_acf_changed":false,"footnotes":""},"categories":[1],"tags":[],"class_list":["post-15076","post","type-post","status-publish","format-standard","has-post-thumbnail","hentry","category-uncategorized"],"acf":[],"yoast_head":"<!-- This site is optimized with the Yoast SEO plugin v27.2 - https:\/\/yoast.com\/product\/yoast-seo-wordpress\/ -->\n<title>: F\u00dcNF H\u00d6FE Shopping<\/title>\n<meta name=\"robots\" content=\"index, follow, max-snippet:-1, max-image-preview:large, max-video-preview:-1\" \/>\n<link rel=\"canonical\" href=\"https:\/\/fuenfhoefe.de\/en\/pre-christmas-highlights-at-funf-hofen\/\" \/>\n<meta property=\"og:locale\" content=\"en_US\" \/>\n<meta property=\"og:type\" content=\"article\" \/>\n<meta property=\"og:title\" content=\": F\u00dcNF H\u00d6FE Shopping\" \/>\n<meta property=\"og:description\" content=\"Once again this year, F\u00dcNF H\u00d6FEN has a varied and atmospheric program in store for you during the Advent season. From musical performances to impressive walking acts, every event promises to be a special experience. Saturday, November 22, 2025 | 12 p.m. \u2013 5 p.m.: Walking acts &amp; stilt walking The start of the pre-Christmas [&hellip;]\" \/>\n<meta property=\"og:url\" content=\"https:\/\/fuenfhoefe.de\/en\/pre-christmas-highlights-at-funf-hofen\/\" \/>\n<meta property=\"og:site_name\" content=\"F\u00dcNF H\u00d6FE Shopping\" \/>\n<meta property=\"article:published_time\" content=\"2025-11-17T15:29:15+00:00\" \/>\n<meta property=\"article:modified_time\" content=\"2025-11-27T10:08:48+00:00\" \/>\n<meta property=\"og:image\" content=\"https:\/\/fuenfhoefe.de\/wp-content\/uploads\/FINAL_FUNF-HOFE_WINTER_V2-scaled.jpg\" \/>\n\t<meta property=\"og:image:width\" content=\"2532\" \/>\n\t<meta property=\"og:image:height\" content=\"2560\" \/>\n\t<meta property=\"og:image:type\" content=\"image\/jpeg\" \/>\n<meta name=\"author\" content=\"Elena Dosch\" \/>\n<meta name=\"twitter:card\" content=\"summary_large_image\" \/>\n<meta name=\"twitter:label1\" content=\"Written by\" \/>\n\t<meta name=\"twitter:data1\" content=\"Elena Dosch\" \/>\n\t<meta name=\"twitter:label2\" content=\"Est. reading time\" \/>\n\t<meta name=\"twitter:data2\" content=\"2 minutes\" \/>\n<script type=\"application\/ld+json\" class=\"yoast-schema-graph\">{\"@context\":\"https:\/\/schema.org\",\"@graph\":[{\"@type\":\"Article\",\"@id\":\"https:\/\/fuenfhoefe.de\/en\/pre-christmas-highlights-at-funf-hofen\/#article\",\"isPartOf\":{\"@id\":\"https:\/\/fuenfhoefe.de\/en\/pre-christmas-highlights-at-funf-hofen\/\"},\"author\":{\"name\":\"Elena Dosch\",\"@id\":\"https:\/\/fuenfhoefe.de\/en\/#\/schema\/person\/93a35041c8a36a963ee604d072583453\"},\"headline\":\"Pre-Christmas highlights at F\u00dcNF H\u00d6FEN\",\"datePublished\":\"2025-11-17T15:29:15+00:00\",\"dateModified\":\"2025-11-27T10:08:48+00:00\",\"mainEntityOfPage\":{\"@id\":\"https:\/\/fuenfhoefe.de\/en\/pre-christmas-highlights-at-funf-hofen\/\"},\"wordCount\":298,\"commentCount\":0,\"publisher\":{\"@id\":\"https:\/\/fuenfhoefe.de\/en\/#organization\"},\"image\":{\"@id\":\"https:\/\/fuenfhoefe.de\/en\/pre-christmas-highlights-at-funf-hofen\/#primaryimage\"},\"thumbnailUrl\":\"https:\/\/fuenfhoefe.de\/wp-content\/uploads\/FINAL_FUNF-HOFE_WINTER_V2-scaled.jpg\",\"inLanguage\":\"en-US\",\"potentialAction\":[{\"@type\":\"CommentAction\",\"name\":\"Comment\",\"target\":[\"https:\/\/fuenfhoefe.de\/en\/pre-christmas-highlights-at-funf-hofen\/#respond\"]}]},{\"@type\":\"WebPage\",\"@id\":\"https:\/\/fuenfhoefe.de\/en\/pre-christmas-highlights-at-funf-hofen\/\",\"url\":\"https:\/\/fuenfhoefe.de\/en\/pre-christmas-highlights-at-funf-hofen\/\",\"name\":\": F\u00dcNF H\u00d6FE Shopping\",\"isPartOf\":{\"@id\":\"https:\/\/fuenfhoefe.de\/en\/#website\"},\"primaryImageOfPage\":{\"@id\":\"https:\/\/fuenfhoefe.de\/en\/pre-christmas-highlights-at-funf-hofen\/#primaryimage\"},\"image\":{\"@id\":\"https:\/\/fuenfhoefe.de\/en\/pre-christmas-highlights-at-funf-hofen\/#primaryimage\"},\"thumbnailUrl\":\"https:\/\/fuenfhoefe.de\/wp-content\/uploads\/FINAL_FUNF-HOFE_WINTER_V2-scaled.jpg\",\"datePublished\":\"2025-11-17T15:29:15+00:00\",\"dateModified\":\"2025-11-27T10:08:48+00:00\",\"breadcrumb\":{\"@id\":\"https:\/\/fuenfhoefe.de\/en\/pre-christmas-highlights-at-funf-hofen\/#breadcrumb\"},\"inLanguage\":\"en-US\",\"potentialAction\":[{\"@type\":\"ReadAction\",\"target\":[\"https:\/\/fuenfhoefe.de\/en\/pre-christmas-highlights-at-funf-hofen\/\"]}]},{\"@type\":\"ImageObject\",\"inLanguage\":\"en-US\",\"@id\":\"https:\/\/fuenfhoefe.de\/en\/pre-christmas-highlights-at-funf-hofen\/#primaryimage\",\"url\":\"https:\/\/fuenfhoefe.de\/wp-content\/uploads\/FINAL_FUNF-HOFE_WINTER_V2-scaled.jpg\",\"contentUrl\":\"https:\/\/fuenfhoefe.de\/wp-content\/uploads\/FINAL_FUNF-HOFE_WINTER_V2-scaled.jpg\",\"width\":2532,\"height\":2560},{\"@type\":\"BreadcrumbList\",\"@id\":\"https:\/\/fuenfhoefe.de\/en\/pre-christmas-highlights-at-funf-hofen\/#breadcrumb\",\"itemListElement\":[{\"@type\":\"ListItem\",\"position\":1,\"name\":\"Home\",\"item\":\"https:\/\/fuenfhoefe.de\/en\/\"},{\"@type\":\"ListItem\",\"position\":2,\"name\":\"Pre-Christmas highlights at F\u00dcNF H\u00d6FEN\"}]},{\"@type\":\"WebSite\",\"@id\":\"https:\/\/fuenfhoefe.de\/en\/#website\",\"url\":\"https:\/\/fuenfhoefe.de\/en\/\",\"name\":\"F\u00dcNF H\u00d6FE Shopping\",\"description\":\"\",\"publisher\":{\"@id\":\"https:\/\/fuenfhoefe.de\/en\/#organization\"},\"potentialAction\":[{\"@type\":\"SearchAction\",\"target\":{\"@type\":\"EntryPoint\",\"urlTemplate\":\"https:\/\/fuenfhoefe.de\/en\/?s={search_term_string}\"},\"query-input\":{\"@type\":\"PropertyValueSpecification\",\"valueRequired\":true,\"valueName\":\"search_term_string\"}}],\"inLanguage\":\"en-US\"},{\"@type\":\"Organization\",\"@id\":\"https:\/\/fuenfhoefe.de\/en\/#organization\",\"name\":\"F\u00dcNF H\u00d6FE Shopping\",\"url\":\"https:\/\/fuenfhoefe.de\/en\/\",\"logo\":{\"@type\":\"ImageObject\",\"inLanguage\":\"en-US\",\"@id\":\"https:\/\/fuenfhoefe.de\/en\/#\/schema\/logo\/image\/\",\"url\":\"https:\/\/fuenfhoefe.de\/wp-content\/uploads\/cropped-logo-1.png\",\"contentUrl\":\"https:\/\/fuenfhoefe.de\/wp-content\/uploads\/cropped-logo-1.png\",\"width\":178,\"height\":46,\"caption\":\"F\u00dcNF H\u00d6FE Shopping\"},\"image\":{\"@id\":\"https:\/\/fuenfhoefe.de\/en\/#\/schema\/logo\/image\/\"}},{\"@type\":\"Person\",\"@id\":\"https:\/\/fuenfhoefe.de\/en\/#\/schema\/person\/93a35041c8a36a963ee604d072583453\",\"name\":\"Elena Dosch\",\"image\":{\"@type\":\"ImageObject\",\"inLanguage\":\"en-US\",\"@id\":\"https:\/\/secure.gravatar.com\/avatar\/ed992f94631942b0c791e2a35d44629e6a52f05ffbb1db633d904c6c62d1d4bd?s=96&d=mm&r=g\",\"url\":\"https:\/\/secure.gravatar.com\/avatar\/ed992f94631942b0c791e2a35d44629e6a52f05ffbb1db633d904c6c62d1d4bd?s=96&d=mm&r=g\",\"contentUrl\":\"https:\/\/secure.gravatar.com\/avatar\/ed992f94631942b0c791e2a35d44629e6a52f05ffbb1db633d904c6c62d1d4bd?s=96&d=mm&r=g\",\"caption\":\"Elena Dosch\"},\"url\":\"https:\/\/fuenfhoefe.de\/en\/author\/elena\/\"}]}<\/script>\n<!-- \/ Yoast SEO plugin. -->","yoast_head_json":{"title":": F\u00dcNF H\u00d6FE Shopping","robots":{"index":"index","follow":"follow","max-snippet":"max-snippet:-1","max-image-preview":"max-image-preview:large","max-video-preview":"max-video-preview:-1"},"canonical":"https:\/\/fuenfhoefe.de\/en\/pre-christmas-highlights-at-funf-hofen\/","og_locale":"en_US","og_type":"article","og_title":": F\u00dcNF H\u00d6FE Shopping","og_description":"Once again this year, F\u00dcNF H\u00d6FEN has a varied and atmospheric program in store for you during the Advent season. From musical performances to impressive walking acts, every event promises to be a special experience. Saturday, November 22, 2025 | 12 p.m. \u2013 5 p.m.: Walking acts &amp; stilt walking The start of the pre-Christmas [&hellip;]","og_url":"https:\/\/fuenfhoefe.de\/en\/pre-christmas-highlights-at-funf-hofen\/","og_site_name":"F\u00dcNF H\u00d6FE Shopping","article_published_time":"2025-11-17T15:29:15+00:00","article_modified_time":"2025-11-27T10:08:48+00:00","og_image":[{"width":2532,"height":2560,"url":"https:\/\/fuenfhoefe.de\/wp-content\/uploads\/FINAL_FUNF-HOFE_WINTER_V2-scaled.jpg","type":"image\/jpeg"}],"author":"Elena Dosch","twitter_card":"summary_large_image","twitter_misc":{"Written by":"Elena Dosch","Est. reading time":"2 minutes"},"schema":{"@context":"https:\/\/schema.org","@graph":[{"@type":"Article","@id":"https:\/\/fuenfhoefe.de\/en\/pre-christmas-highlights-at-funf-hofen\/#article","isPartOf":{"@id":"https:\/\/fuenfhoefe.de\/en\/pre-christmas-highlights-at-funf-hofen\/"},"author":{"name":"Elena Dosch","@id":"https:\/\/fuenfhoefe.de\/en\/#\/schema\/person\/93a35041c8a36a963ee604d072583453"},"headline":"Pre-Christmas highlights at F\u00dcNF H\u00d6FEN","datePublished":"2025-11-17T15:29:15+00:00","dateModified":"2025-11-27T10:08:48+00:00","mainEntityOfPage":{"@id":"https:\/\/fuenfhoefe.de\/en\/pre-christmas-highlights-at-funf-hofen\/"},"wordCount":298,"commentCount":0,"publisher":{"@id":"https:\/\/fuenfhoefe.de\/en\/#organization"},"image":{"@id":"https:\/\/fuenfhoefe.de\/en\/pre-christmas-highlights-at-funf-hofen\/#primaryimage"},"thumbnailUrl":"https:\/\/fuenfhoefe.de\/wp-content\/uploads\/FINAL_FUNF-HOFE_WINTER_V2-scaled.jpg","inLanguage":"en-US","potentialAction":[{"@type":"CommentAction","name":"Comment","target":["https:\/\/fuenfhoefe.de\/en\/pre-christmas-highlights-at-funf-hofen\/#respond"]}]},{"@type":"WebPage","@id":"https:\/\/fuenfhoefe.de\/en\/pre-christmas-highlights-at-funf-hofen\/","url":"https:\/\/fuenfhoefe.de\/en\/pre-christmas-highlights-at-funf-hofen\/","name":": F\u00dcNF H\u00d6FE Shopping","isPartOf":{"@id":"https:\/\/fuenfhoefe.de\/en\/#website"},"primaryImageOfPage":{"@id":"https:\/\/fuenfhoefe.de\/en\/pre-christmas-highlights-at-funf-hofen\/#primaryimage"},"image":{"@id":"https:\/\/fuenfhoefe.de\/en\/pre-christmas-highlights-at-funf-hofen\/#primaryimage"},"thumbnailUrl":"https:\/\/fuenfhoefe.de\/wp-content\/uploads\/FINAL_FUNF-HOFE_WINTER_V2-scaled.jpg","datePublished":"2025-11-17T15:29:15+00:00","dateModified":"2025-11-27T10:08:48+00:00","breadcrumb":{"@id":"https:\/\/fuenfhoefe.de\/en\/pre-christmas-highlights-at-funf-hofen\/#breadcrumb"},"inLanguage":"en-US","potentialAction":[{"@type":"ReadAction","target":["https:\/\/fuenfhoefe.de\/en\/pre-christmas-highlights-at-funf-hofen\/"]}]},{"@type":"ImageObject","inLanguage":"en-US","@id":"https:\/\/fuenfhoefe.de\/en\/pre-christmas-highlights-at-funf-hofen\/#primaryimage","url":"https:\/\/fuenfhoefe.de\/wp-content\/uploads\/FINAL_FUNF-HOFE_WINTER_V2-scaled.jpg","contentUrl":"https:\/\/fuenfhoefe.de\/wp-content\/uploads\/FINAL_FUNF-HOFE_WINTER_V2-scaled.jpg","width":2532,"height":2560},{"@type":"BreadcrumbList","@id":"https:\/\/fuenfhoefe.de\/en\/pre-christmas-highlights-at-funf-hofen\/#breadcrumb","itemListElement":[{"@type":"ListItem","position":1,"name":"Home","item":"https:\/\/fuenfhoefe.de\/en\/"},{"@type":"ListItem","position":2,"name":"Pre-Christmas highlights at F\u00dcNF H\u00d6FEN"}]},{"@type":"WebSite","@id":"https:\/\/fuenfhoefe.de\/en\/#website","url":"https:\/\/fuenfhoefe.de\/en\/","name":"F\u00dcNF H\u00d6FE Shopping","description":"","publisher":{"@id":"https:\/\/fuenfhoefe.de\/en\/#organization"},"potentialAction":[{"@type":"SearchAction","target":{"@type":"EntryPoint","urlTemplate":"https:\/\/fuenfhoefe.de\/en\/?s={search_term_string}"},"query-input":{"@type":"PropertyValueSpecification","valueRequired":true,"valueName":"search_term_string"}}],"inLanguage":"en-US"},{"@type":"Organization","@id":"https:\/\/fuenfhoefe.de\/en\/#organization","name":"F\u00dcNF H\u00d6FE Shopping","url":"https:\/\/fuenfhoefe.de\/en\/","logo":{"@type":"ImageObject","inLanguage":"en-US","@id":"https:\/\/fuenfhoefe.de\/en\/#\/schema\/logo\/image\/","url":"https:\/\/fuenfhoefe.de\/wp-content\/uploads\/cropped-logo-1.png","contentUrl":"https:\/\/fuenfhoefe.de\/wp-content\/uploads\/cropped-logo-1.png","width":178,"height":46,"caption":"F\u00dcNF H\u00d6FE Shopping"},"image":{"@id":"https:\/\/fuenfhoefe.de\/en\/#\/schema\/logo\/image\/"}},{"@type":"Person","@id":"https:\/\/fuenfhoefe.de\/en\/#\/schema\/person\/93a35041c8a36a963ee604d072583453","name":"Elena Dosch","image":{"@type":"ImageObject","inLanguage":"en-US","@id":"https:\/\/secure.gravatar.com\/avatar\/ed992f94631942b0c791e2a35d44629e6a52f05ffbb1db633d904c6c62d1d4bd?s=96&d=mm&r=g","url":"https:\/\/secure.gravatar.com\/avatar\/ed992f94631942b0c791e2a35d44629e6a52f05ffbb1db633d904c6c62d1d4bd?s=96&d=mm&r=g","contentUrl":"https:\/\/secure.gravatar.com\/avatar\/ed992f94631942b0c791e2a35d44629e6a52f05ffbb1db633d904c6c62d1d4bd?s=96&d=mm&r=g","caption":"Elena Dosch"},"url":"https:\/\/fuenfhoefe.de\/en\/author\/elena\/"}]}},"_links":{"self":[{"href":"https:\/\/fuenfhoefe.de\/en\/wp-json\/wp\/v2\/posts\/15076","targetHints":{"allow":["GET"]}}],"collection":[{"href":"https:\/\/fuenfhoefe.de\/en\/wp-json\/wp\/v2\/posts"}],"about":[{"href":"https:\/\/fuenfhoefe.de\/en\/wp-json\/wp\/v2\/types\/post"}],"author":[{"embeddable":true,"href":"https:\/\/fuenfhoefe.de\/en\/wp-json\/wp\/v2\/users\/17"}],"replies":[{"embeddable":true,"href":"https:\/\/fuenfhoefe.de\/en\/wp-json\/wp\/v2\/comments?post=15076"}],"version-history":[{"count":3,"href":"https:\/\/fuenfhoefe.de\/en\/wp-json\/wp\/v2\/posts\/15076\/revisions"}],"predecessor-version":[{"id":15134,"href":"https:\/\/fuenfhoefe.de\/en\/wp-json\/wp\/v2\/posts\/15076\/revisions\/15134"}],"wp:featuredmedia":[{"embeddable":true,"href":"https:\/\/fuenfhoefe.de\/en\/wp-json\/wp\/v2\/media\/15073"}],"wp:attachment":[{"href":"https:\/\/fuenfhoefe.de\/en\/wp-json\/wp\/v2\/media?parent=15076"}],"wp:term":[{"taxonomy":"category","embeddable":true,"href":"https:\/\/fuenfhoefe.de\/en\/wp-json\/wp\/v2\/categories?post=15076"},{"taxonomy":"post_tag","embeddable":true,"href":"https:\/\/fuenfhoefe.de\/en\/wp-json\/wp\/v2\/tags?post=15076"}],"curies":[{"name":"wp","href":"https:\/\/api.w.org\/{rel}","templated":true}]}}