{"id":16662,"date":"2026-04-30T10:51:45","date_gmt":"2026-04-30T08:51:45","guid":{"rendered":"https:\/\/fuenfhoefe.de\/?p=16662"},"modified":"2026-04-30T11:18:24","modified_gmt":"2026-04-30T09:18:24","slug":"donating-hair-for-a-good-cause","status":"publish","type":"post","link":"https:\/\/fuenfhoefe.de\/en\/donating-hair-for-a-good-cause\/","title":{"rendered":"Donating Hair for a Good Cause"},"content":{"rendered":"\n<p><strong>On May 7, 2026<\/strong>, the F\u00dcNF H\u00d6FE will serve as the venue for one of Germany\u2019s largest hair donation campaigns: the \u201cGong 96.3 Rapunzel Challenge \u2013 Cut Your Hair for a Good Cause.\u201d Inspired by the exhibition \u201cHAIR. STORIES OF POWER AND PASSION\u201d at the Kunsthalle M\u00fcnchen, the theme of hair is all about solidarity and social engagement.<\/p>\n\n\n\n<p>From <strong>10 a.m. to 5 p.m.,<\/strong> women and men can donate their hair on the plaza. Requirements: hair must be at least 30 centimeters long and untreated.<\/p>\n\n\n\n<p>The donated hair will be professionally cut on-site by hairstylist Stefan M. Pauli and the team from SALONPAULI, and then processed by the Federal Association of Hair Replacement Specialists (BVZ) into human hair wigs for people experiencing hair loss due to illness.<\/p>\n\n\n\n<p>Registration must be done in advance via Radio Gong 96.3.<\/p>\n","protected":false},"excerpt":{"rendered":"<p>On May 7, 2026, the F\u00dcNF H\u00d6FE will serve as the venue for one of Germany\u2019s largest hair donation campaigns: the \u201cGong 96.3 Rapunzel Challenge \u2013 Cut Your Hair for a Good Cause.\u201d Inspired by the exhibition \u201cHAIR. STORIES OF POWER AND PASSION\u201d at the Kunsthalle M\u00fcnchen, the theme of hair is all about solidarity [&hellip;]<\/p>\n","protected":false},"author":17,"featured_media":16681,"comment_status":"open","ping_status":"open","sticky":false,"template":"","format":"standard","meta":{"_acf_changed":false,"footnotes":""},"categories":[1],"tags":[],"class_list":["post-16662","post","type-post","status-publish","format-standard","has-post-thumbnail","hentry","category-uncategorized"],"acf":[],"yoast_head":"<!-- This site is optimized with the Yoast SEO plugin v27.2 - https:\/\/yoast.com\/product\/yoast-seo-wordpress\/ -->\n<title>: F\u00dcNF H\u00d6FE Shopping<\/title>\n<meta name=\"robots\" content=\"index, follow, max-snippet:-1, max-image-preview:large, max-video-preview:-1\" \/>\n<link rel=\"canonical\" href=\"https:\/\/fuenfhoefe.de\/en\/donating-hair-for-a-good-cause\/\" \/>\n<meta property=\"og:locale\" content=\"en_US\" \/>\n<meta property=\"og:type\" content=\"article\" \/>\n<meta property=\"og:title\" content=\": F\u00dcNF H\u00d6FE Shopping\" \/>\n<meta property=\"og:description\" content=\"On May 7, 2026, the F\u00dcNF H\u00d6FE will serve as the venue for one of Germany\u2019s largest hair donation campaigns: the \u201cGong 96.3 Rapunzel Challenge \u2013 Cut Your Hair for a Good Cause.\u201d Inspired by the exhibition \u201cHAIR. STORIES OF POWER AND PASSION\u201d at the Kunsthalle M\u00fcnchen, the theme of hair is all about solidarity [&hellip;]\" \/>\n<meta property=\"og:url\" content=\"https:\/\/fuenfhoefe.de\/en\/donating-hair-for-a-good-cause\/\" \/>\n<meta property=\"og:site_name\" content=\"F\u00dcNF H\u00d6FE Shopping\" \/>\n<meta property=\"article:published_time\" content=\"2026-04-30T08:51:45+00:00\" \/>\n<meta property=\"article:modified_time\" content=\"2026-04-30T09:18:24+00:00\" \/>\n<meta property=\"og:image\" content=\"https:\/\/fuenfhoefe.de\/wp-content\/uploads\/260430_FH_Rapunzel-Challenge_Website-Header.jpg\" \/>\n\t<meta property=\"og:image:width\" content=\"1080\" \/>\n\t<meta property=\"og:image:height\" content=\"1080\" \/>\n\t<meta property=\"og:image:type\" content=\"image\/jpeg\" \/>\n<meta name=\"author\" content=\"Elena Dosch\" \/>\n<meta name=\"twitter:card\" content=\"summary_large_image\" \/>\n<meta name=\"twitter:label1\" content=\"Written by\" \/>\n\t<meta name=\"twitter:data1\" content=\"Elena Dosch\" \/>\n\t<meta name=\"twitter:label2\" content=\"Est. reading time\" \/>\n\t<meta name=\"twitter:data2\" content=\"1 minute\" \/>\n<script type=\"application\/ld+json\" class=\"yoast-schema-graph\">{\"@context\":\"https:\/\/schema.org\",\"@graph\":[{\"@type\":\"Article\",\"@id\":\"https:\/\/fuenfhoefe.de\/en\/donating-hair-for-a-good-cause\/#article\",\"isPartOf\":{\"@id\":\"https:\/\/fuenfhoefe.de\/en\/donating-hair-for-a-good-cause\/\"},\"author\":{\"name\":\"Elena Dosch\",\"@id\":\"https:\/\/fuenfhoefe.de\/en\/#\/schema\/person\/93a35041c8a36a963ee604d072583453\"},\"headline\":\"Donating Hair for a Good Cause\",\"datePublished\":\"2026-04-30T08:51:45+00:00\",\"dateModified\":\"2026-04-30T09:18:24+00:00\",\"mainEntityOfPage\":{\"@id\":\"https:\/\/fuenfhoefe.de\/en\/donating-hair-for-a-good-cause\/\"},\"wordCount\":141,\"commentCount\":0,\"publisher\":{\"@id\":\"https:\/\/fuenfhoefe.de\/en\/#organization\"},\"image\":{\"@id\":\"https:\/\/fuenfhoefe.de\/en\/donating-hair-for-a-good-cause\/#primaryimage\"},\"thumbnailUrl\":\"https:\/\/fuenfhoefe.de\/wp-content\/uploads\/260430_FH_Rapunzel-Challenge_Website-Header.jpg\",\"inLanguage\":\"en-US\",\"potentialAction\":[{\"@type\":\"CommentAction\",\"name\":\"Comment\",\"target\":[\"https:\/\/fuenfhoefe.de\/en\/donating-hair-for-a-good-cause\/#respond\"]}]},{\"@type\":\"WebPage\",\"@id\":\"https:\/\/fuenfhoefe.de\/en\/donating-hair-for-a-good-cause\/\",\"url\":\"https:\/\/fuenfhoefe.de\/en\/donating-hair-for-a-good-cause\/\",\"name\":\": F\u00dcNF H\u00d6FE Shopping\",\"isPartOf\":{\"@id\":\"https:\/\/fuenfhoefe.de\/en\/#website\"},\"primaryImageOfPage\":{\"@id\":\"https:\/\/fuenfhoefe.de\/en\/donating-hair-for-a-good-cause\/#primaryimage\"},\"image\":{\"@id\":\"https:\/\/fuenfhoefe.de\/en\/donating-hair-for-a-good-cause\/#primaryimage\"},\"thumbnailUrl\":\"https:\/\/fuenfhoefe.de\/wp-content\/uploads\/260430_FH_Rapunzel-Challenge_Website-Header.jpg\",\"datePublished\":\"2026-04-30T08:51:45+00:00\",\"dateModified\":\"2026-04-30T09:18:24+00:00\",\"breadcrumb\":{\"@id\":\"https:\/\/fuenfhoefe.de\/en\/donating-hair-for-a-good-cause\/#breadcrumb\"},\"inLanguage\":\"en-US\",\"potentialAction\":[{\"@type\":\"ReadAction\",\"target\":[\"https:\/\/fuenfhoefe.de\/en\/donating-hair-for-a-good-cause\/\"]}]},{\"@type\":\"ImageObject\",\"inLanguage\":\"en-US\",\"@id\":\"https:\/\/fuenfhoefe.de\/en\/donating-hair-for-a-good-cause\/#primaryimage\",\"url\":\"https:\/\/fuenfhoefe.de\/wp-content\/uploads\/260430_FH_Rapunzel-Challenge_Website-Header.jpg\",\"contentUrl\":\"https:\/\/fuenfhoefe.de\/wp-content\/uploads\/260430_FH_Rapunzel-Challenge_Website-Header.jpg\",\"width\":1080,\"height\":1080},{\"@type\":\"BreadcrumbList\",\"@id\":\"https:\/\/fuenfhoefe.de\/en\/donating-hair-for-a-good-cause\/#breadcrumb\",\"itemListElement\":[{\"@type\":\"ListItem\",\"position\":1,\"name\":\"Home\",\"item\":\"https:\/\/fuenfhoefe.de\/en\/\"},{\"@type\":\"ListItem\",\"position\":2,\"name\":\"Donating Hair for a Good Cause\"}]},{\"@type\":\"WebSite\",\"@id\":\"https:\/\/fuenfhoefe.de\/en\/#website\",\"url\":\"https:\/\/fuenfhoefe.de\/en\/\",\"name\":\"F\u00dcNF H\u00d6FE Shopping\",\"description\":\"\",\"publisher\":{\"@id\":\"https:\/\/fuenfhoefe.de\/en\/#organization\"},\"potentialAction\":[{\"@type\":\"SearchAction\",\"target\":{\"@type\":\"EntryPoint\",\"urlTemplate\":\"https:\/\/fuenfhoefe.de\/en\/?s={search_term_string}\"},\"query-input\":{\"@type\":\"PropertyValueSpecification\",\"valueRequired\":true,\"valueName\":\"search_term_string\"}}],\"inLanguage\":\"en-US\"},{\"@type\":\"Organization\",\"@id\":\"https:\/\/fuenfhoefe.de\/en\/#organization\",\"name\":\"F\u00dcNF H\u00d6FE Shopping\",\"url\":\"https:\/\/fuenfhoefe.de\/en\/\",\"logo\":{\"@type\":\"ImageObject\",\"inLanguage\":\"en-US\",\"@id\":\"https:\/\/fuenfhoefe.de\/en\/#\/schema\/logo\/image\/\",\"url\":\"https:\/\/fuenfhoefe.de\/wp-content\/uploads\/cropped-logo-2.png\",\"contentUrl\":\"https:\/\/fuenfhoefe.de\/wp-content\/uploads\/cropped-logo-2.png\",\"width\":178,\"height\":46,\"caption\":\"F\u00dcNF H\u00d6FE Shopping\"},\"image\":{\"@id\":\"https:\/\/fuenfhoefe.de\/en\/#\/schema\/logo\/image\/\"}},{\"@type\":\"Person\",\"@id\":\"https:\/\/fuenfhoefe.de\/en\/#\/schema\/person\/93a35041c8a36a963ee604d072583453\",\"name\":\"Elena Dosch\",\"image\":{\"@type\":\"ImageObject\",\"inLanguage\":\"en-US\",\"@id\":\"https:\/\/secure.gravatar.com\/avatar\/ed992f94631942b0c791e2a35d44629e6a52f05ffbb1db633d904c6c62d1d4bd?s=96&d=mm&r=g\",\"url\":\"https:\/\/secure.gravatar.com\/avatar\/ed992f94631942b0c791e2a35d44629e6a52f05ffbb1db633d904c6c62d1d4bd?s=96&d=mm&r=g\",\"contentUrl\":\"https:\/\/secure.gravatar.com\/avatar\/ed992f94631942b0c791e2a35d44629e6a52f05ffbb1db633d904c6c62d1d4bd?s=96&d=mm&r=g\",\"caption\":\"Elena Dosch\"},\"url\":\"https:\/\/fuenfhoefe.de\/en\/author\/elena\/\"}]}<\/script>\n<!-- \/ Yoast SEO plugin. -->","yoast_head_json":{"title":": F\u00dcNF H\u00d6FE Shopping","robots":{"index":"index","follow":"follow","max-snippet":"max-snippet:-1","max-image-preview":"max-image-preview:large","max-video-preview":"max-video-preview:-1"},"canonical":"https:\/\/fuenfhoefe.de\/en\/donating-hair-for-a-good-cause\/","og_locale":"en_US","og_type":"article","og_title":": F\u00dcNF H\u00d6FE Shopping","og_description":"On May 7, 2026, the F\u00dcNF H\u00d6FE will serve as the venue for one of Germany\u2019s largest hair donation campaigns: the \u201cGong 96.3 Rapunzel Challenge \u2013 Cut Your Hair for a Good Cause.\u201d Inspired by the exhibition \u201cHAIR. STORIES OF POWER AND PASSION\u201d at the Kunsthalle M\u00fcnchen, the theme of hair is all about solidarity [&hellip;]","og_url":"https:\/\/fuenfhoefe.de\/en\/donating-hair-for-a-good-cause\/","og_site_name":"F\u00dcNF H\u00d6FE Shopping","article_published_time":"2026-04-30T08:51:45+00:00","article_modified_time":"2026-04-30T09:18:24+00:00","og_image":[{"width":1080,"height":1080,"url":"https:\/\/fuenfhoefe.de\/wp-content\/uploads\/260430_FH_Rapunzel-Challenge_Website-Header.jpg","type":"image\/jpeg"}],"author":"Elena Dosch","twitter_card":"summary_large_image","twitter_misc":{"Written by":"Elena Dosch","Est. reading time":"1 minute"},"schema":{"@context":"https:\/\/schema.org","@graph":[{"@type":"Article","@id":"https:\/\/fuenfhoefe.de\/en\/donating-hair-for-a-good-cause\/#article","isPartOf":{"@id":"https:\/\/fuenfhoefe.de\/en\/donating-hair-for-a-good-cause\/"},"author":{"name":"Elena Dosch","@id":"https:\/\/fuenfhoefe.de\/en\/#\/schema\/person\/93a35041c8a36a963ee604d072583453"},"headline":"Donating Hair for a Good Cause","datePublished":"2026-04-30T08:51:45+00:00","dateModified":"2026-04-30T09:18:24+00:00","mainEntityOfPage":{"@id":"https:\/\/fuenfhoefe.de\/en\/donating-hair-for-a-good-cause\/"},"wordCount":141,"commentCount":0,"publisher":{"@id":"https:\/\/fuenfhoefe.de\/en\/#organization"},"image":{"@id":"https:\/\/fuenfhoefe.de\/en\/donating-hair-for-a-good-cause\/#primaryimage"},"thumbnailUrl":"https:\/\/fuenfhoefe.de\/wp-content\/uploads\/260430_FH_Rapunzel-Challenge_Website-Header.jpg","inLanguage":"en-US","potentialAction":[{"@type":"CommentAction","name":"Comment","target":["https:\/\/fuenfhoefe.de\/en\/donating-hair-for-a-good-cause\/#respond"]}]},{"@type":"WebPage","@id":"https:\/\/fuenfhoefe.de\/en\/donating-hair-for-a-good-cause\/","url":"https:\/\/fuenfhoefe.de\/en\/donating-hair-for-a-good-cause\/","name":": F\u00dcNF H\u00d6FE Shopping","isPartOf":{"@id":"https:\/\/fuenfhoefe.de\/en\/#website"},"primaryImageOfPage":{"@id":"https:\/\/fuenfhoefe.de\/en\/donating-hair-for-a-good-cause\/#primaryimage"},"image":{"@id":"https:\/\/fuenfhoefe.de\/en\/donating-hair-for-a-good-cause\/#primaryimage"},"thumbnailUrl":"https:\/\/fuenfhoefe.de\/wp-content\/uploads\/260430_FH_Rapunzel-Challenge_Website-Header.jpg","datePublished":"2026-04-30T08:51:45+00:00","dateModified":"2026-04-30T09:18:24+00:00","breadcrumb":{"@id":"https:\/\/fuenfhoefe.de\/en\/donating-hair-for-a-good-cause\/#breadcrumb"},"inLanguage":"en-US","potentialAction":[{"@type":"ReadAction","target":["https:\/\/fuenfhoefe.de\/en\/donating-hair-for-a-good-cause\/"]}]},{"@type":"ImageObject","inLanguage":"en-US","@id":"https:\/\/fuenfhoefe.de\/en\/donating-hair-for-a-good-cause\/#primaryimage","url":"https:\/\/fuenfhoefe.de\/wp-content\/uploads\/260430_FH_Rapunzel-Challenge_Website-Header.jpg","contentUrl":"https:\/\/fuenfhoefe.de\/wp-content\/uploads\/260430_FH_Rapunzel-Challenge_Website-Header.jpg","width":1080,"height":1080},{"@type":"BreadcrumbList","@id":"https:\/\/fuenfhoefe.de\/en\/donating-hair-for-a-good-cause\/#breadcrumb","itemListElement":[{"@type":"ListItem","position":1,"name":"Home","item":"https:\/\/fuenfhoefe.de\/en\/"},{"@type":"ListItem","position":2,"name":"Donating Hair for a Good Cause"}]},{"@type":"WebSite","@id":"https:\/\/fuenfhoefe.de\/en\/#website","url":"https:\/\/fuenfhoefe.de\/en\/","name":"F\u00dcNF H\u00d6FE Shopping","description":"","publisher":{"@id":"https:\/\/fuenfhoefe.de\/en\/#organization"},"potentialAction":[{"@type":"SearchAction","target":{"@type":"EntryPoint","urlTemplate":"https:\/\/fuenfhoefe.de\/en\/?s={search_term_string}"},"query-input":{"@type":"PropertyValueSpecification","valueRequired":true,"valueName":"search_term_string"}}],"inLanguage":"en-US"},{"@type":"Organization","@id":"https:\/\/fuenfhoefe.de\/en\/#organization","name":"F\u00dcNF H\u00d6FE Shopping","url":"https:\/\/fuenfhoefe.de\/en\/","logo":{"@type":"ImageObject","inLanguage":"en-US","@id":"https:\/\/fuenfhoefe.de\/en\/#\/schema\/logo\/image\/","url":"https:\/\/fuenfhoefe.de\/wp-content\/uploads\/cropped-logo-2.png","contentUrl":"https:\/\/fuenfhoefe.de\/wp-content\/uploads\/cropped-logo-2.png","width":178,"height":46,"caption":"F\u00dcNF H\u00d6FE Shopping"},"image":{"@id":"https:\/\/fuenfhoefe.de\/en\/#\/schema\/logo\/image\/"}},{"@type":"Person","@id":"https:\/\/fuenfhoefe.de\/en\/#\/schema\/person\/93a35041c8a36a963ee604d072583453","name":"Elena Dosch","image":{"@type":"ImageObject","inLanguage":"en-US","@id":"https:\/\/secure.gravatar.com\/avatar\/ed992f94631942b0c791e2a35d44629e6a52f05ffbb1db633d904c6c62d1d4bd?s=96&d=mm&r=g","url":"https:\/\/secure.gravatar.com\/avatar\/ed992f94631942b0c791e2a35d44629e6a52f05ffbb1db633d904c6c62d1d4bd?s=96&d=mm&r=g","contentUrl":"https:\/\/secure.gravatar.com\/avatar\/ed992f94631942b0c791e2a35d44629e6a52f05ffbb1db633d904c6c62d1d4bd?s=96&d=mm&r=g","caption":"Elena Dosch"},"url":"https:\/\/fuenfhoefe.de\/en\/author\/elena\/"}]}},"_links":{"self":[{"href":"https:\/\/fuenfhoefe.de\/en\/wp-json\/wp\/v2\/posts\/16662","targetHints":{"allow":["GET"]}}],"collection":[{"href":"https:\/\/fuenfhoefe.de\/en\/wp-json\/wp\/v2\/posts"}],"about":[{"href":"https:\/\/fuenfhoefe.de\/en\/wp-json\/wp\/v2\/types\/post"}],"author":[{"embeddable":true,"href":"https:\/\/fuenfhoefe.de\/en\/wp-json\/wp\/v2\/users\/17"}],"replies":[{"embeddable":true,"href":"https:\/\/fuenfhoefe.de\/en\/wp-json\/wp\/v2\/comments?post=16662"}],"version-history":[{"count":2,"href":"https:\/\/fuenfhoefe.de\/en\/wp-json\/wp\/v2\/posts\/16662\/revisions"}],"predecessor-version":[{"id":16683,"href":"https:\/\/fuenfhoefe.de\/en\/wp-json\/wp\/v2\/posts\/16662\/revisions\/16683"}],"wp:featuredmedia":[{"embeddable":true,"href":"https:\/\/fuenfhoefe.de\/en\/wp-json\/wp\/v2\/media\/16681"}],"wp:attachment":[{"href":"https:\/\/fuenfhoefe.de\/en\/wp-json\/wp\/v2\/media?parent=16662"}],"wp:term":[{"taxonomy":"category","embeddable":true,"href":"https:\/\/fuenfhoefe.de\/en\/wp-json\/wp\/v2\/categories?post=16662"},{"taxonomy":"post_tag","embeddable":true,"href":"https:\/\/fuenfhoefe.de\/en\/wp-json\/wp\/v2\/tags?post=16662"}],"curies":[{"name":"wp","href":"https:\/\/api.w.org\/{rel}","templated":true}]}}