{"id":16694,"date":"2026-04-30T14:10:20","date_gmt":"2026-04-30T12:10:20","guid":{"rendered":"https:\/\/fuenfhoefe.de\/?p=16694"},"modified":"2026-04-30T14:10:22","modified_gmt":"2026-04-30T12:10:22","slug":"karaoke-night-the-long-night-of-music-on-may-9-2026","status":"publish","type":"post","link":"https:\/\/fuenfhoefe.de\/en\/karaoke-night-the-long-night-of-music-on-may-9-2026\/","title":{"rendered":"Karaoke Night \u2013 The Long Night of Music on May 9, 2026"},"content":{"rendered":"\n<p>On May 9, 2026, the F\u00dcNF H\u00d6FEN will be filled with music: As part of the \u201cLange Nacht der Musik\u201d it\u2019s time once again this year for the big Karaoke Night at Theatiner8. Alongside the exhibition \u201cHAIR. STORIES OF POWER AND PASSION\u201d at the Kunsthalle M\u00fcnchen, visitors can look forward to an unforgettable evening full of entertainment, music, and a great atmosphere.<\/p>\n\n\n\n<p>Whether pop, rock, classics, or current hits\u2014at Karaoke Night, there are hundreds of songs from all genres to choose from. With the right props, every performance becomes a highlight. Whether solo or in a group: Here, everyone can perform their favorite song and experience the real thrill of the stage.<\/p>\n\n\n\n<p>In addition to fun and a diverse musical lineup, there are great prizes to be won: Among other things, you can win shopping vouchers for F\u00dcNF H\u00d6FE and tickets to the Kunsthalle M\u00fcnchen.<\/p>\n\n\n\n<p><strong>Event details at a glance:<\/strong><\/p>\n\n\n\n<p><strong>\u2022&nbsp;&nbsp;&nbsp; Date: May 9, 2026<\/strong><\/p>\n\n\n\n<p><strong>\u2022&nbsp;&nbsp;&nbsp; Time: 8:00 PM to 1:00 AM<\/strong><\/p>\n\n\n\n<p><strong>\u2022&nbsp;&nbsp;&nbsp; Location: Theatiner 8, F\u00dcNF H\u00d6FE<\/strong> (entrance via Kunsthalle, Theatinerstr. 8)<\/p>\n\n\n\n<p>\u2022&nbsp;&nbsp;&nbsp; <strong>Tickets:<\/strong> Available in advance at <a href=\"https:\/\/www.muenchenticket.de\/event\/die-lange-nacht-der-musik-2026-36344\/\">M\u00fcnchen Ticket<\/a> or at the box office at the Kunsthalle M\u00fcnchen<\/p>\n\n\n\n<p>Experience the Long Night of Music in a very special way &#8211; at Karaoke Night at F\u00dcNF H\u00d6FE. Sing along, join the party, and enjoy an unforgettable evening!<\/p>\n","protected":false},"excerpt":{"rendered":"<p>On May 9, 2026, the F\u00dcNF H\u00d6FEN will be filled with music: As part of the \u201cLange Nacht der Musik\u201d it\u2019s time once again this year for the big Karaoke Night at Theatiner8. Alongside the exhibition \u201cHAIR. STORIES OF POWER AND PASSION\u201d at the Kunsthalle M\u00fcnchen, visitors can look forward to an unforgettable evening full [&hellip;]<\/p>\n","protected":false},"author":17,"featured_media":16692,"comment_status":"open","ping_status":"open","sticky":false,"template":"","format":"standard","meta":{"_acf_changed":false,"footnotes":""},"categories":[1],"tags":[],"class_list":["post-16694","post","type-post","status-publish","format-standard","has-post-thumbnail","hentry","category-uncategorized"],"acf":[],"yoast_head":"<!-- This site is optimized with the Yoast SEO plugin v27.2 - https:\/\/yoast.com\/product\/yoast-seo-wordpress\/ -->\n<title>: F\u00dcNF H\u00d6FE Shopping<\/title>\n<meta name=\"robots\" content=\"index, follow, max-snippet:-1, max-image-preview:large, max-video-preview:-1\" \/>\n<link rel=\"canonical\" href=\"https:\/\/fuenfhoefe.de\/en\/karaoke-night-the-long-night-of-music-on-may-9-2026\/\" \/>\n<meta property=\"og:locale\" content=\"en_US\" \/>\n<meta property=\"og:type\" content=\"article\" \/>\n<meta property=\"og:title\" content=\": F\u00dcNF H\u00d6FE Shopping\" \/>\n<meta property=\"og:description\" content=\"On May 9, 2026, the F\u00dcNF H\u00d6FEN will be filled with music: As part of the \u201cLange Nacht der Musik\u201d it\u2019s time once again this year for the big Karaoke Night at Theatiner8. Alongside the exhibition \u201cHAIR. STORIES OF POWER AND PASSION\u201d at the Kunsthalle M\u00fcnchen, visitors can look forward to an unforgettable evening full [&hellip;]\" \/>\n<meta property=\"og:url\" content=\"https:\/\/fuenfhoefe.de\/en\/karaoke-night-the-long-night-of-music-on-may-9-2026\/\" \/>\n<meta property=\"og:site_name\" content=\"F\u00dcNF H\u00d6FE Shopping\" \/>\n<meta property=\"article:published_time\" content=\"2026-04-30T12:10:20+00:00\" \/>\n<meta property=\"article:modified_time\" content=\"2026-04-30T12:10:22+00:00\" \/>\n<meta property=\"og:image\" content=\"https:\/\/fuenfhoefe.de\/wp-content\/uploads\/Screenshot-2026-04-30-140534.png\" \/>\n\t<meta property=\"og:image:width\" content=\"1108\" \/>\n\t<meta property=\"og:image:height\" content=\"807\" \/>\n\t<meta property=\"og:image:type\" content=\"image\/png\" \/>\n<meta name=\"author\" content=\"Elena Dosch\" \/>\n<meta name=\"twitter:card\" content=\"summary_large_image\" \/>\n<meta name=\"twitter:label1\" content=\"Written by\" \/>\n\t<meta name=\"twitter:data1\" content=\"Elena Dosch\" \/>\n\t<meta name=\"twitter:label2\" content=\"Est. reading time\" \/>\n\t<meta name=\"twitter:data2\" content=\"2 minutes\" \/>\n<script type=\"application\/ld+json\" class=\"yoast-schema-graph\">{\"@context\":\"https:\/\/schema.org\",\"@graph\":[{\"@type\":\"Article\",\"@id\":\"https:\/\/fuenfhoefe.de\/en\/karaoke-night-the-long-night-of-music-on-may-9-2026\/#article\",\"isPartOf\":{\"@id\":\"https:\/\/fuenfhoefe.de\/en\/karaoke-night-the-long-night-of-music-on-may-9-2026\/\"},\"author\":{\"name\":\"Elena Dosch\",\"@id\":\"https:\/\/fuenfhoefe.de\/en\/#\/schema\/person\/93a35041c8a36a963ee604d072583453\"},\"headline\":\"Karaoke Night \u2013 The Long Night of Music on May 9, 2026\",\"datePublished\":\"2026-04-30T12:10:20+00:00\",\"dateModified\":\"2026-04-30T12:10:22+00:00\",\"mainEntityOfPage\":{\"@id\":\"https:\/\/fuenfhoefe.de\/en\/karaoke-night-the-long-night-of-music-on-may-9-2026\/\"},\"wordCount\":241,\"commentCount\":0,\"publisher\":{\"@id\":\"https:\/\/fuenfhoefe.de\/en\/#organization\"},\"image\":{\"@id\":\"https:\/\/fuenfhoefe.de\/en\/karaoke-night-the-long-night-of-music-on-may-9-2026\/#primaryimage\"},\"thumbnailUrl\":\"https:\/\/fuenfhoefe.de\/wp-content\/uploads\/Screenshot-2026-04-30-140534.png\",\"inLanguage\":\"en-US\",\"potentialAction\":[{\"@type\":\"CommentAction\",\"name\":\"Comment\",\"target\":[\"https:\/\/fuenfhoefe.de\/en\/karaoke-night-the-long-night-of-music-on-may-9-2026\/#respond\"]}]},{\"@type\":\"WebPage\",\"@id\":\"https:\/\/fuenfhoefe.de\/en\/karaoke-night-the-long-night-of-music-on-may-9-2026\/\",\"url\":\"https:\/\/fuenfhoefe.de\/en\/karaoke-night-the-long-night-of-music-on-may-9-2026\/\",\"name\":\": F\u00dcNF H\u00d6FE Shopping\",\"isPartOf\":{\"@id\":\"https:\/\/fuenfhoefe.de\/en\/#website\"},\"primaryImageOfPage\":{\"@id\":\"https:\/\/fuenfhoefe.de\/en\/karaoke-night-the-long-night-of-music-on-may-9-2026\/#primaryimage\"},\"image\":{\"@id\":\"https:\/\/fuenfhoefe.de\/en\/karaoke-night-the-long-night-of-music-on-may-9-2026\/#primaryimage\"},\"thumbnailUrl\":\"https:\/\/fuenfhoefe.de\/wp-content\/uploads\/Screenshot-2026-04-30-140534.png\",\"datePublished\":\"2026-04-30T12:10:20+00:00\",\"dateModified\":\"2026-04-30T12:10:22+00:00\",\"breadcrumb\":{\"@id\":\"https:\/\/fuenfhoefe.de\/en\/karaoke-night-the-long-night-of-music-on-may-9-2026\/#breadcrumb\"},\"inLanguage\":\"en-US\",\"potentialAction\":[{\"@type\":\"ReadAction\",\"target\":[\"https:\/\/fuenfhoefe.de\/en\/karaoke-night-the-long-night-of-music-on-may-9-2026\/\"]}]},{\"@type\":\"ImageObject\",\"inLanguage\":\"en-US\",\"@id\":\"https:\/\/fuenfhoefe.de\/en\/karaoke-night-the-long-night-of-music-on-may-9-2026\/#primaryimage\",\"url\":\"https:\/\/fuenfhoefe.de\/wp-content\/uploads\/Screenshot-2026-04-30-140534.png\",\"contentUrl\":\"https:\/\/fuenfhoefe.de\/wp-content\/uploads\/Screenshot-2026-04-30-140534.png\",\"width\":1108,\"height\":807},{\"@type\":\"BreadcrumbList\",\"@id\":\"https:\/\/fuenfhoefe.de\/en\/karaoke-night-the-long-night-of-music-on-may-9-2026\/#breadcrumb\",\"itemListElement\":[{\"@type\":\"ListItem\",\"position\":1,\"name\":\"Home\",\"item\":\"https:\/\/fuenfhoefe.de\/en\/\"},{\"@type\":\"ListItem\",\"position\":2,\"name\":\"Karaoke Night \u2013 The Long Night of Music on May 9, 2026\"}]},{\"@type\":\"WebSite\",\"@id\":\"https:\/\/fuenfhoefe.de\/en\/#website\",\"url\":\"https:\/\/fuenfhoefe.de\/en\/\",\"name\":\"F\u00dcNF H\u00d6FE Shopping\",\"description\":\"\",\"publisher\":{\"@id\":\"https:\/\/fuenfhoefe.de\/en\/#organization\"},\"potentialAction\":[{\"@type\":\"SearchAction\",\"target\":{\"@type\":\"EntryPoint\",\"urlTemplate\":\"https:\/\/fuenfhoefe.de\/en\/?s={search_term_string}\"},\"query-input\":{\"@type\":\"PropertyValueSpecification\",\"valueRequired\":true,\"valueName\":\"search_term_string\"}}],\"inLanguage\":\"en-US\"},{\"@type\":\"Organization\",\"@id\":\"https:\/\/fuenfhoefe.de\/en\/#organization\",\"name\":\"F\u00dcNF H\u00d6FE Shopping\",\"url\":\"https:\/\/fuenfhoefe.de\/en\/\",\"logo\":{\"@type\":\"ImageObject\",\"inLanguage\":\"en-US\",\"@id\":\"https:\/\/fuenfhoefe.de\/en\/#\/schema\/logo\/image\/\",\"url\":\"https:\/\/fuenfhoefe.de\/wp-content\/uploads\/cropped-logo-2.png\",\"contentUrl\":\"https:\/\/fuenfhoefe.de\/wp-content\/uploads\/cropped-logo-2.png\",\"width\":178,\"height\":46,\"caption\":\"F\u00dcNF H\u00d6FE Shopping\"},\"image\":{\"@id\":\"https:\/\/fuenfhoefe.de\/en\/#\/schema\/logo\/image\/\"}},{\"@type\":\"Person\",\"@id\":\"https:\/\/fuenfhoefe.de\/en\/#\/schema\/person\/93a35041c8a36a963ee604d072583453\",\"name\":\"Elena Dosch\",\"image\":{\"@type\":\"ImageObject\",\"inLanguage\":\"en-US\",\"@id\":\"https:\/\/secure.gravatar.com\/avatar\/ed992f94631942b0c791e2a35d44629e6a52f05ffbb1db633d904c6c62d1d4bd?s=96&d=mm&r=g\",\"url\":\"https:\/\/secure.gravatar.com\/avatar\/ed992f94631942b0c791e2a35d44629e6a52f05ffbb1db633d904c6c62d1d4bd?s=96&d=mm&r=g\",\"contentUrl\":\"https:\/\/secure.gravatar.com\/avatar\/ed992f94631942b0c791e2a35d44629e6a52f05ffbb1db633d904c6c62d1d4bd?s=96&d=mm&r=g\",\"caption\":\"Elena Dosch\"},\"url\":\"https:\/\/fuenfhoefe.de\/en\/author\/elena\/\"}]}<\/script>\n<!-- \/ Yoast SEO plugin. -->","yoast_head_json":{"title":": F\u00dcNF H\u00d6FE Shopping","robots":{"index":"index","follow":"follow","max-snippet":"max-snippet:-1","max-image-preview":"max-image-preview:large","max-video-preview":"max-video-preview:-1"},"canonical":"https:\/\/fuenfhoefe.de\/en\/karaoke-night-the-long-night-of-music-on-may-9-2026\/","og_locale":"en_US","og_type":"article","og_title":": F\u00dcNF H\u00d6FE Shopping","og_description":"On May 9, 2026, the F\u00dcNF H\u00d6FEN will be filled with music: As part of the \u201cLange Nacht der Musik\u201d it\u2019s time once again this year for the big Karaoke Night at Theatiner8. Alongside the exhibition \u201cHAIR. STORIES OF POWER AND PASSION\u201d at the Kunsthalle M\u00fcnchen, visitors can look forward to an unforgettable evening full [&hellip;]","og_url":"https:\/\/fuenfhoefe.de\/en\/karaoke-night-the-long-night-of-music-on-may-9-2026\/","og_site_name":"F\u00dcNF H\u00d6FE Shopping","article_published_time":"2026-04-30T12:10:20+00:00","article_modified_time":"2026-04-30T12:10:22+00:00","og_image":[{"width":1108,"height":807,"url":"https:\/\/fuenfhoefe.de\/wp-content\/uploads\/Screenshot-2026-04-30-140534.png","type":"image\/png"}],"author":"Elena Dosch","twitter_card":"summary_large_image","twitter_misc":{"Written by":"Elena Dosch","Est. reading time":"2 minutes"},"schema":{"@context":"https:\/\/schema.org","@graph":[{"@type":"Article","@id":"https:\/\/fuenfhoefe.de\/en\/karaoke-night-the-long-night-of-music-on-may-9-2026\/#article","isPartOf":{"@id":"https:\/\/fuenfhoefe.de\/en\/karaoke-night-the-long-night-of-music-on-may-9-2026\/"},"author":{"name":"Elena Dosch","@id":"https:\/\/fuenfhoefe.de\/en\/#\/schema\/person\/93a35041c8a36a963ee604d072583453"},"headline":"Karaoke Night \u2013 The Long Night of Music on May 9, 2026","datePublished":"2026-04-30T12:10:20+00:00","dateModified":"2026-04-30T12:10:22+00:00","mainEntityOfPage":{"@id":"https:\/\/fuenfhoefe.de\/en\/karaoke-night-the-long-night-of-music-on-may-9-2026\/"},"wordCount":241,"commentCount":0,"publisher":{"@id":"https:\/\/fuenfhoefe.de\/en\/#organization"},"image":{"@id":"https:\/\/fuenfhoefe.de\/en\/karaoke-night-the-long-night-of-music-on-may-9-2026\/#primaryimage"},"thumbnailUrl":"https:\/\/fuenfhoefe.de\/wp-content\/uploads\/Screenshot-2026-04-30-140534.png","inLanguage":"en-US","potentialAction":[{"@type":"CommentAction","name":"Comment","target":["https:\/\/fuenfhoefe.de\/en\/karaoke-night-the-long-night-of-music-on-may-9-2026\/#respond"]}]},{"@type":"WebPage","@id":"https:\/\/fuenfhoefe.de\/en\/karaoke-night-the-long-night-of-music-on-may-9-2026\/","url":"https:\/\/fuenfhoefe.de\/en\/karaoke-night-the-long-night-of-music-on-may-9-2026\/","name":": F\u00dcNF H\u00d6FE Shopping","isPartOf":{"@id":"https:\/\/fuenfhoefe.de\/en\/#website"},"primaryImageOfPage":{"@id":"https:\/\/fuenfhoefe.de\/en\/karaoke-night-the-long-night-of-music-on-may-9-2026\/#primaryimage"},"image":{"@id":"https:\/\/fuenfhoefe.de\/en\/karaoke-night-the-long-night-of-music-on-may-9-2026\/#primaryimage"},"thumbnailUrl":"https:\/\/fuenfhoefe.de\/wp-content\/uploads\/Screenshot-2026-04-30-140534.png","datePublished":"2026-04-30T12:10:20+00:00","dateModified":"2026-04-30T12:10:22+00:00","breadcrumb":{"@id":"https:\/\/fuenfhoefe.de\/en\/karaoke-night-the-long-night-of-music-on-may-9-2026\/#breadcrumb"},"inLanguage":"en-US","potentialAction":[{"@type":"ReadAction","target":["https:\/\/fuenfhoefe.de\/en\/karaoke-night-the-long-night-of-music-on-may-9-2026\/"]}]},{"@type":"ImageObject","inLanguage":"en-US","@id":"https:\/\/fuenfhoefe.de\/en\/karaoke-night-the-long-night-of-music-on-may-9-2026\/#primaryimage","url":"https:\/\/fuenfhoefe.de\/wp-content\/uploads\/Screenshot-2026-04-30-140534.png","contentUrl":"https:\/\/fuenfhoefe.de\/wp-content\/uploads\/Screenshot-2026-04-30-140534.png","width":1108,"height":807},{"@type":"BreadcrumbList","@id":"https:\/\/fuenfhoefe.de\/en\/karaoke-night-the-long-night-of-music-on-may-9-2026\/#breadcrumb","itemListElement":[{"@type":"ListItem","position":1,"name":"Home","item":"https:\/\/fuenfhoefe.de\/en\/"},{"@type":"ListItem","position":2,"name":"Karaoke Night \u2013 The Long Night of Music on May 9, 2026"}]},{"@type":"WebSite","@id":"https:\/\/fuenfhoefe.de\/en\/#website","url":"https:\/\/fuenfhoefe.de\/en\/","name":"F\u00dcNF H\u00d6FE Shopping","description":"","publisher":{"@id":"https:\/\/fuenfhoefe.de\/en\/#organization"},"potentialAction":[{"@type":"SearchAction","target":{"@type":"EntryPoint","urlTemplate":"https:\/\/fuenfhoefe.de\/en\/?s={search_term_string}"},"query-input":{"@type":"PropertyValueSpecification","valueRequired":true,"valueName":"search_term_string"}}],"inLanguage":"en-US"},{"@type":"Organization","@id":"https:\/\/fuenfhoefe.de\/en\/#organization","name":"F\u00dcNF H\u00d6FE Shopping","url":"https:\/\/fuenfhoefe.de\/en\/","logo":{"@type":"ImageObject","inLanguage":"en-US","@id":"https:\/\/fuenfhoefe.de\/en\/#\/schema\/logo\/image\/","url":"https:\/\/fuenfhoefe.de\/wp-content\/uploads\/cropped-logo-2.png","contentUrl":"https:\/\/fuenfhoefe.de\/wp-content\/uploads\/cropped-logo-2.png","width":178,"height":46,"caption":"F\u00dcNF H\u00d6FE Shopping"},"image":{"@id":"https:\/\/fuenfhoefe.de\/en\/#\/schema\/logo\/image\/"}},{"@type":"Person","@id":"https:\/\/fuenfhoefe.de\/en\/#\/schema\/person\/93a35041c8a36a963ee604d072583453","name":"Elena Dosch","image":{"@type":"ImageObject","inLanguage":"en-US","@id":"https:\/\/secure.gravatar.com\/avatar\/ed992f94631942b0c791e2a35d44629e6a52f05ffbb1db633d904c6c62d1d4bd?s=96&d=mm&r=g","url":"https:\/\/secure.gravatar.com\/avatar\/ed992f94631942b0c791e2a35d44629e6a52f05ffbb1db633d904c6c62d1d4bd?s=96&d=mm&r=g","contentUrl":"https:\/\/secure.gravatar.com\/avatar\/ed992f94631942b0c791e2a35d44629e6a52f05ffbb1db633d904c6c62d1d4bd?s=96&d=mm&r=g","caption":"Elena Dosch"},"url":"https:\/\/fuenfhoefe.de\/en\/author\/elena\/"}]}},"_links":{"self":[{"href":"https:\/\/fuenfhoefe.de\/en\/wp-json\/wp\/v2\/posts\/16694","targetHints":{"allow":["GET"]}}],"collection":[{"href":"https:\/\/fuenfhoefe.de\/en\/wp-json\/wp\/v2\/posts"}],"about":[{"href":"https:\/\/fuenfhoefe.de\/en\/wp-json\/wp\/v2\/types\/post"}],"author":[{"embeddable":true,"href":"https:\/\/fuenfhoefe.de\/en\/wp-json\/wp\/v2\/users\/17"}],"replies":[{"embeddable":true,"href":"https:\/\/fuenfhoefe.de\/en\/wp-json\/wp\/v2\/comments?post=16694"}],"version-history":[{"count":1,"href":"https:\/\/fuenfhoefe.de\/en\/wp-json\/wp\/v2\/posts\/16694\/revisions"}],"predecessor-version":[{"id":16695,"href":"https:\/\/fuenfhoefe.de\/en\/wp-json\/wp\/v2\/posts\/16694\/revisions\/16695"}],"wp:featuredmedia":[{"embeddable":true,"href":"https:\/\/fuenfhoefe.de\/en\/wp-json\/wp\/v2\/media\/16692"}],"wp:attachment":[{"href":"https:\/\/fuenfhoefe.de\/en\/wp-json\/wp\/v2\/media?parent=16694"}],"wp:term":[{"taxonomy":"category","embeddable":true,"href":"https:\/\/fuenfhoefe.de\/en\/wp-json\/wp\/v2\/categories?post=16694"},{"taxonomy":"post_tag","embeddable":true,"href":"https:\/\/fuenfhoefe.de\/en\/wp-json\/wp\/v2\/tags?post=16694"}],"curies":[{"name":"wp","href":"https:\/\/api.w.org\/{rel}","templated":true}]}}